{"id":417,"date":"2025-02-15T12:00:28","date_gmt":"2025-02-15T11:00:28","guid":{"rendered":"https:\/\/szineserzsebetvaros.hu\/?p=417"},"modified":"2025-02-21T17:23:54","modified_gmt":"2025-02-21T16:23:54","slug":"new-age","status":"publish","type":"post","link":"https:\/\/szineserzsebetvaros.hu\/en\/new-age\/","title":{"rendered":"New tour"},"content":{"rendered":"<figure class=\"wp-block-image size-large\"><img fetchpriority=\"high\" decoding=\"async\" width=\"1024\" height=\"536\" src=\"https:\/\/szineserzsebetvaros.hu\/wp-content\/uploads\/2025\/02\/image-6-1024x536.webp\" alt=\"\" class=\"wp-image-418\" srcset=\"https:\/\/szineserzsebetvaros.hu\/wp-content\/uploads\/2025\/02\/image-6-1024x536.webp 1024w, https:\/\/szineserzsebetvaros.hu\/wp-content\/uploads\/2025\/02\/image-6-300x157.webp 300w, https:\/\/szineserzsebetvaros.hu\/wp-content\/uploads\/2025\/02\/image-6-768x402.webp 768w, https:\/\/szineserzsebetvaros.hu\/wp-content\/uploads\/2025\/02\/image-6.webp 1200w\" sizes=\"(max-width: 1024px) 100vw, 1024px\" \/><\/figure>\n\n\n\n<p>&quot;Why didn&#039;t we come up with it?&quot; asked Mayor Gergely Kar\u00e1csony poetically regarding the &quot;New Boulevard&quot; plan, which we presented last week.<\/p>\n\n\n\n<p>The event of the City of Short Distances Foundation was covered by several media outlets. The Ter\u00e9zv\u00e1ros municipal media summarized it extremely well: <a href=\"https:\/\/l.facebook.com\/l.php?u=https%3A%2F%2Fterezvaros.hu%2Fhirek%2Fuj-korut-szuletik%3Ffbclid%3DIwZXh0bgNhZW0CMTAAAR2cFA5JU-AB6WWrw2imw8b0Em8kU3_Qy9huwbybcl6yBmNq8leIaOrQzLY_aem_WvWC54RoW7vMiEsWMqjmXQ&amp;h=AT0AFQ-JrrcjvUyAR3XDisyEX4WvPH_yzgkFHDFUixBrntUk4zlKNnpNwWIiYwGSnk_3omjWEHtSfXS_ajS2fnka1zOXCYs26S-DFyJogAbsMKzD7T418XfqWJSG_2kfuz46NL_Fj6Dx1qELbhTU&amp;__tn__=-UK-R&amp;c[0]=AT0WrsyY-xXU0bfn9RPBH_Av2X0UkW7GPN54jmhQY9ejXjtxjwVilwFl0-zPbqOVeJzaaUxBdIRwVa4f6nD8e5v9ZDnMDNZymSTVnYPIqUpKTvQEhj3diDIXVvbMJ9Gxi6Txpo6bV3ZGlhzJwi3EtGkUPKXtHc906N1ZrRAyWJNdZ1RqiBohstFtXzSlcCYLkA\" rel=\"noreferrer noopener\" target=\"_blank\">https:\/\/terezvaros.hu\/hirek\/uj-korut-szuletik<\/a><\/p>\n\n\n\n<p>We would like to thank Mayor Gergely Kar\u00e1csony, who opened the event, for his words of support, Mayors Tam\u00e1s Soproni, P\u00e9ter Niederm\u00fcller and Andr\u00e1s Pik\u00f3, who participated in the panel discussion of the event, for their strong stance, and the guests of the professional panel discussion: Fanni N\u00e1nay (Placcc Festival \u2013 artistic director), Samu Balogh (urban planner, chief of staff of the mayor), Rich\u00e1rd Ongjerth (urban planner) and Gergely Pongr\u00e1cz (president of the Hungarian Transport Club).<\/p>","protected":false},"excerpt":{"rendered":"<p>&#8222;Mi\u00e9rt nem mi tal\u00e1ltuk ki&#8221; &#8211; tette fel a k\u00f6lt\u0151i k\u00e9rd\u00e9st Kar\u00e1csony Gergely f\u0151polg\u00e1rmester az &#8222;\u00daj k\u00f6r\u00fat&#8221; tervvel kapcsolatban, amit m\u00falt h\u00e9ten mutattunk be. A Kis T\u00e1vols\u00e1gok V\u00e1rosa Alap\u00edtv\u00e1ny esem\u00e9ny\u00e9vel t\u00f6bb sajt\u00f3org\u00e1num is foglalkozott. Ter\u00e9zv\u00e1ros \u00f6nkorm\u00e1nyzati m\u00e9di\u00e1ja rendk\u00edv\u00fcl j\u00f3l foglalta \u00f6ssze: https:\/\/terezvaros.hu\/hirek\/uj-korut-szuletik K\u00f6sz\u00f6nj\u00fck az esem\u00e9nyt megnyit\u00f3 Kar\u00e1csony Gergely f\u0151polg\u00e1rmesternek a t\u00e1mogat\u00f3 szavakat, az esem\u00e9ny panelbesz\u00e9lget\u00e9s\u00e9ben [&hellip;]<\/p>","protected":false},"author":1,"featured_media":418,"comment_status":"closed","ping_status":"","sticky":false,"template":"","format":"standard","meta":{"give_campaign_id":0,"footnotes":""},"categories":[1],"tags":[],"class_list":["post-417","post","type-post","status-publish","format-standard","has-post-thumbnail","hentry","category-urbanisztika"],"yoast_head":"<!-- This site is optimized with the Yoast SEO Premium plugin v26.2 (Yoast SEO v26.3) - https:\/\/yoast.com\/wordpress\/plugins\/seo\/ -->\n<title>\u00daj k\u00f6r\u00fat - Sz\u00ednes Erzs\u00e9betv\u00e1ros<\/title>\n<meta name=\"robots\" content=\"index, follow, max-snippet:-1, max-image-preview:large, max-video-preview:-1\" \/>\n<link rel=\"canonical\" href=\"https:\/\/szineserzsebetvaros.hu\/en\/new-age\/\" \/>\n<meta property=\"og:locale\" content=\"en_US\" \/>\n<meta property=\"og:type\" content=\"article\" \/>\n<meta property=\"og:title\" content=\"\u00daj k\u00f6r\u00fat\" \/>\n<meta property=\"og:description\" content=\"&#8222;Mi\u00e9rt nem mi tal\u00e1ltuk ki&#8221; &#8211; tette fel a k\u00f6lt\u0151i k\u00e9rd\u00e9st Kar\u00e1csony Gergely f\u0151polg\u00e1rmester az &#8222;\u00daj k\u00f6r\u00fat&#8221; tervvel kapcsolatban, amit m\u00falt h\u00e9ten mutattunk be. A Kis T\u00e1vols\u00e1gok V\u00e1rosa Alap\u00edtv\u00e1ny esem\u00e9ny\u00e9vel t\u00f6bb sajt\u00f3org\u00e1num is foglalkozott. Ter\u00e9zv\u00e1ros \u00f6nkorm\u00e1nyzati m\u00e9di\u00e1ja rendk\u00edv\u00fcl j\u00f3l foglalta \u00f6ssze: https:\/\/terezvaros.hu\/hirek\/uj-korut-szuletik K\u00f6sz\u00f6nj\u00fck az esem\u00e9nyt megnyit\u00f3 Kar\u00e1csony Gergely f\u0151polg\u00e1rmesternek a t\u00e1mogat\u00f3 szavakat, az esem\u00e9ny panelbesz\u00e9lget\u00e9s\u00e9ben [&hellip;]\" \/>\n<meta property=\"og:url\" content=\"https:\/\/szineserzsebetvaros.hu\/en\/new-age\/\" \/>\n<meta property=\"og:site_name\" content=\"Sz\u00ednes Erzs\u00e9betv\u00e1ros\" \/>\n<meta property=\"article:publisher\" content=\"https:\/\/www.facebook.com\/szineserzsebetvaros\" \/>\n<meta property=\"article:published_time\" content=\"2025-02-15T11:00:28+00:00\" \/>\n<meta property=\"article:modified_time\" content=\"2025-02-21T16:23:54+00:00\" \/>\n<meta property=\"og:image\" content=\"https:\/\/szineserzsebetvaros.hu\/wp-content\/uploads\/2025\/02\/image-6.webp\" \/>\n\t<meta property=\"og:image:width\" content=\"1200\" \/>\n\t<meta property=\"og:image:height\" content=\"628\" \/>\n\t<meta property=\"og:image:type\" content=\"image\/webp\" \/>\n<meta name=\"author\" content=\"Zolt\u00e1n\" \/>\n<meta name=\"twitter:card\" content=\"summary_large_image\" \/>\n<meta name=\"twitter:label1\" content=\"Written by\" \/>\n\t<meta name=\"twitter:data1\" content=\"Zolt\u00e1n\" \/>\n\t<meta name=\"twitter:label2\" content=\"Est. reading time\" \/>\n\t<meta name=\"twitter:data2\" content=\"1 minute\" \/>\n<script type=\"application\/ld+json\" class=\"yoast-schema-graph\">{\"@context\":\"https:\/\/schema.org\",\"@graph\":[{\"@type\":\"Article\",\"@id\":\"https:\/\/szineserzsebetvaros.hu\/uj-korut\/#article\",\"isPartOf\":{\"@id\":\"https:\/\/szineserzsebetvaros.hu\/uj-korut\/\"},\"author\":{\"name\":\"Zolt\u00e1n\",\"@id\":\"https:\/\/szineserzsebetvaros.hu\/#\/schema\/person\/3cd60b17fa44cb8b1ea5368088ecfdc2\"},\"headline\":\"\u00daj k\u00f6r\u00fat\",\"datePublished\":\"2025-02-15T11:00:28+00:00\",\"dateModified\":\"2025-02-21T16:23:54+00:00\",\"mainEntityOfPage\":{\"@id\":\"https:\/\/szineserzsebetvaros.hu\/uj-korut\/\"},\"wordCount\":181,\"publisher\":{\"@id\":\"https:\/\/szineserzsebetvaros.hu\/#organization\"},\"image\":{\"@id\":\"https:\/\/szineserzsebetvaros.hu\/uj-korut\/#primaryimage\"},\"thumbnailUrl\":\"https:\/\/szineserzsebetvaros.hu\/wp-content\/uploads\/2025\/02\/image-6.webp\",\"articleSection\":[\"Urbanisztika\"],\"inLanguage\":\"en-US\"},{\"@type\":\"WebPage\",\"@id\":\"https:\/\/szineserzsebetvaros.hu\/uj-korut\/\",\"url\":\"https:\/\/szineserzsebetvaros.hu\/uj-korut\/\",\"name\":\"\u00daj k\u00f6r\u00fat - Sz\u00ednes Erzs\u00e9betv\u00e1ros\",\"isPartOf\":{\"@id\":\"https:\/\/szineserzsebetvaros.hu\/#website\"},\"primaryImageOfPage\":{\"@id\":\"https:\/\/szineserzsebetvaros.hu\/uj-korut\/#primaryimage\"},\"image\":{\"@id\":\"https:\/\/szineserzsebetvaros.hu\/uj-korut\/#primaryimage\"},\"thumbnailUrl\":\"https:\/\/szineserzsebetvaros.hu\/wp-content\/uploads\/2025\/02\/image-6.webp\",\"datePublished\":\"2025-02-15T11:00:28+00:00\",\"dateModified\":\"2025-02-21T16:23:54+00:00\",\"breadcrumb\":{\"@id\":\"https:\/\/szineserzsebetvaros.hu\/uj-korut\/#breadcrumb\"},\"inLanguage\":\"en-US\",\"potentialAction\":[{\"@type\":\"ReadAction\",\"target\":[\"https:\/\/szineserzsebetvaros.hu\/uj-korut\/\"]}]},{\"@type\":\"ImageObject\",\"inLanguage\":\"en-US\",\"@id\":\"https:\/\/szineserzsebetvaros.hu\/uj-korut\/#primaryimage\",\"url\":\"https:\/\/szineserzsebetvaros.hu\/wp-content\/uploads\/2025\/02\/image-6.webp\",\"contentUrl\":\"https:\/\/szineserzsebetvaros.hu\/wp-content\/uploads\/2025\/02\/image-6.webp\",\"width\":1200,\"height\":628},{\"@type\":\"BreadcrumbList\",\"@id\":\"https:\/\/szineserzsebetvaros.hu\/uj-korut\/#breadcrumb\",\"itemListElement\":[{\"@type\":\"ListItem\",\"position\":1,\"name\":\"Kezd\u0151lap\",\"item\":\"https:\/\/szineserzsebetvaros.hu\/\"},{\"@type\":\"ListItem\",\"position\":2,\"name\":\"\u00daj k\u00f6r\u00fat\"}]},{\"@type\":\"WebSite\",\"@id\":\"https:\/\/szineserzsebetvaros.hu\/#website\",\"url\":\"https:\/\/szineserzsebetvaros.hu\/\",\"name\":\"Sz\u00ednes Erzs\u00e9betv\u00e1ros\",\"description\":\"Erzs\u00e9betv\u00e1ros, Budapest VII. ker\u00fclet\u00e9nek port\u00e1lja\",\"publisher\":{\"@id\":\"https:\/\/szineserzsebetvaros.hu\/#organization\"},\"potentialAction\":[{\"@type\":\"SearchAction\",\"target\":{\"@type\":\"EntryPoint\",\"urlTemplate\":\"https:\/\/szineserzsebetvaros.hu\/?s={search_term_string}\"},\"query-input\":{\"@type\":\"PropertyValueSpecification\",\"valueRequired\":true,\"valueName\":\"search_term_string\"}}],\"inLanguage\":\"en-US\"},{\"@type\":\"Organization\",\"@id\":\"https:\/\/szineserzsebetvaros.hu\/#organization\",\"name\":\"Sz\u00ednes Erzs\u00e9betv\u00e1ros\",\"url\":\"https:\/\/szineserzsebetvaros.hu\/\",\"logo\":{\"@type\":\"ImageObject\",\"inLanguage\":\"en-US\",\"@id\":\"https:\/\/szineserzsebetvaros.hu\/#\/schema\/logo\/image\/\",\"url\":\"https:\/\/szineserzsebetvaros.hu\/wp-content\/uploads\/2024\/10\/SZEVlogo_color-2.png\",\"contentUrl\":\"https:\/\/szineserzsebetvaros.hu\/wp-content\/uploads\/2024\/10\/SZEVlogo_color-2.png\",\"width\":350,\"height\":102,\"caption\":\"Sz\u00ednes Erzs\u00e9betv\u00e1ros\"},\"image\":{\"@id\":\"https:\/\/szineserzsebetvaros.hu\/#\/schema\/logo\/image\/\"},\"sameAs\":[\"https:\/\/www.facebook.com\/szineserzsebetvaros\"]},{\"@type\":\"Person\",\"@id\":\"https:\/\/szineserzsebetvaros.hu\/#\/schema\/person\/3cd60b17fa44cb8b1ea5368088ecfdc2\",\"name\":\"Zolt\u00e1n\",\"image\":{\"@type\":\"ImageObject\",\"inLanguage\":\"en-US\",\"@id\":\"https:\/\/szineserzsebetvaros.hu\/#\/schema\/person\/image\/\",\"url\":\"https:\/\/secure.gravatar.com\/avatar\/694647f275ca7914a56b7365923c620562f2777f90703bc6fbd5fb8530b2e0ca?s=96&d=mm&r=g\",\"contentUrl\":\"https:\/\/secure.gravatar.com\/avatar\/694647f275ca7914a56b7365923c620562f2777f90703bc6fbd5fb8530b2e0ca?s=96&d=mm&r=g\",\"caption\":\"Zolt\u00e1n\"},\"sameAs\":[\"https:\/\/szineserzsebetvaros.hu\"],\"url\":\"https:\/\/szineserzsebetvaros.hu\/en\/author\/bodozoltan\/\"}]}<\/script>\n<!-- \/ Yoast SEO Premium plugin. -->","yoast_head_json":{"title":"\u00daj k\u00f6r\u00fat - Sz\u00ednes Erzs\u00e9betv\u00e1ros","robots":{"index":"index","follow":"follow","max-snippet":"max-snippet:-1","max-image-preview":"max-image-preview:large","max-video-preview":"max-video-preview:-1"},"canonical":"https:\/\/szineserzsebetvaros.hu\/en\/new-age\/","og_locale":"en_US","og_type":"article","og_title":"\u00daj k\u00f6r\u00fat","og_description":"&#8222;Mi\u00e9rt nem mi tal\u00e1ltuk ki&#8221; &#8211; tette fel a k\u00f6lt\u0151i k\u00e9rd\u00e9st Kar\u00e1csony Gergely f\u0151polg\u00e1rmester az &#8222;\u00daj k\u00f6r\u00fat&#8221; tervvel kapcsolatban, amit m\u00falt h\u00e9ten mutattunk be. A Kis T\u00e1vols\u00e1gok V\u00e1rosa Alap\u00edtv\u00e1ny esem\u00e9ny\u00e9vel t\u00f6bb sajt\u00f3org\u00e1num is foglalkozott. Ter\u00e9zv\u00e1ros \u00f6nkorm\u00e1nyzati m\u00e9di\u00e1ja rendk\u00edv\u00fcl j\u00f3l foglalta \u00f6ssze: https:\/\/terezvaros.hu\/hirek\/uj-korut-szuletik K\u00f6sz\u00f6nj\u00fck az esem\u00e9nyt megnyit\u00f3 Kar\u00e1csony Gergely f\u0151polg\u00e1rmesternek a t\u00e1mogat\u00f3 szavakat, az esem\u00e9ny panelbesz\u00e9lget\u00e9s\u00e9ben [&hellip;]","og_url":"https:\/\/szineserzsebetvaros.hu\/en\/new-age\/","og_site_name":"Sz\u00ednes Erzs\u00e9betv\u00e1ros","article_publisher":"https:\/\/www.facebook.com\/szineserzsebetvaros","article_published_time":"2025-02-15T11:00:28+00:00","article_modified_time":"2025-02-21T16:23:54+00:00","og_image":[{"width":1200,"height":628,"url":"https:\/\/szineserzsebetvaros.hu\/wp-content\/uploads\/2025\/02\/image-6.webp","type":"image\/webp"}],"author":"Zolt\u00e1n","twitter_card":"summary_large_image","twitter_misc":{"Written by":"Zolt\u00e1n","Est. reading time":"1 minute"},"schema":{"@context":"https:\/\/schema.org","@graph":[{"@type":"Article","@id":"https:\/\/szineserzsebetvaros.hu\/uj-korut\/#article","isPartOf":{"@id":"https:\/\/szineserzsebetvaros.hu\/uj-korut\/"},"author":{"name":"Zolt\u00e1n","@id":"https:\/\/szineserzsebetvaros.hu\/#\/schema\/person\/3cd60b17fa44cb8b1ea5368088ecfdc2"},"headline":"\u00daj k\u00f6r\u00fat","datePublished":"2025-02-15T11:00:28+00:00","dateModified":"2025-02-21T16:23:54+00:00","mainEntityOfPage":{"@id":"https:\/\/szineserzsebetvaros.hu\/uj-korut\/"},"wordCount":181,"publisher":{"@id":"https:\/\/szineserzsebetvaros.hu\/#organization"},"image":{"@id":"https:\/\/szineserzsebetvaros.hu\/uj-korut\/#primaryimage"},"thumbnailUrl":"https:\/\/szineserzsebetvaros.hu\/wp-content\/uploads\/2025\/02\/image-6.webp","articleSection":["Urbanisztika"],"inLanguage":"en-US"},{"@type":"WebPage","@id":"https:\/\/szineserzsebetvaros.hu\/uj-korut\/","url":"https:\/\/szineserzsebetvaros.hu\/uj-korut\/","name":"\u00daj k\u00f6r\u00fat - Sz\u00ednes Erzs\u00e9betv\u00e1ros","isPartOf":{"@id":"https:\/\/szineserzsebetvaros.hu\/#website"},"primaryImageOfPage":{"@id":"https:\/\/szineserzsebetvaros.hu\/uj-korut\/#primaryimage"},"image":{"@id":"https:\/\/szineserzsebetvaros.hu\/uj-korut\/#primaryimage"},"thumbnailUrl":"https:\/\/szineserzsebetvaros.hu\/wp-content\/uploads\/2025\/02\/image-6.webp","datePublished":"2025-02-15T11:00:28+00:00","dateModified":"2025-02-21T16:23:54+00:00","breadcrumb":{"@id":"https:\/\/szineserzsebetvaros.hu\/uj-korut\/#breadcrumb"},"inLanguage":"en-US","potentialAction":[{"@type":"ReadAction","target":["https:\/\/szineserzsebetvaros.hu\/uj-korut\/"]}]},{"@type":"ImageObject","inLanguage":"en-US","@id":"https:\/\/szineserzsebetvaros.hu\/uj-korut\/#primaryimage","url":"https:\/\/szineserzsebetvaros.hu\/wp-content\/uploads\/2025\/02\/image-6.webp","contentUrl":"https:\/\/szineserzsebetvaros.hu\/wp-content\/uploads\/2025\/02\/image-6.webp","width":1200,"height":628},{"@type":"BreadcrumbList","@id":"https:\/\/szineserzsebetvaros.hu\/uj-korut\/#breadcrumb","itemListElement":[{"@type":"ListItem","position":1,"name":"Kezd\u0151lap","item":"https:\/\/szineserzsebetvaros.hu\/"},{"@type":"ListItem","position":2,"name":"\u00daj k\u00f6r\u00fat"}]},{"@type":"WebSite","@id":"https:\/\/szineserzsebetvaros.hu\/#website","url":"https:\/\/szineserzsebetvaros.hu\/","name":"Sz\u00ednes Erzs\u00e9betv\u00e1ros","description":"Erzs\u00e9betv\u00e1ros, Budapest VII. ker\u00fclet\u00e9nek port\u00e1lja","publisher":{"@id":"https:\/\/szineserzsebetvaros.hu\/#organization"},"potentialAction":[{"@type":"SearchAction","target":{"@type":"EntryPoint","urlTemplate":"https:\/\/szineserzsebetvaros.hu\/?s={search_term_string}"},"query-input":{"@type":"PropertyValueSpecification","valueRequired":true,"valueName":"search_term_string"}}],"inLanguage":"en-US"},{"@type":"Organization","@id":"https:\/\/szineserzsebetvaros.hu\/#organization","name":"Sz\u00ednes Erzs\u00e9betv\u00e1ros","url":"https:\/\/szineserzsebetvaros.hu\/","logo":{"@type":"ImageObject","inLanguage":"en-US","@id":"https:\/\/szineserzsebetvaros.hu\/#\/schema\/logo\/image\/","url":"https:\/\/szineserzsebetvaros.hu\/wp-content\/uploads\/2024\/10\/SZEVlogo_color-2.png","contentUrl":"https:\/\/szineserzsebetvaros.hu\/wp-content\/uploads\/2024\/10\/SZEVlogo_color-2.png","width":350,"height":102,"caption":"Sz\u00ednes Erzs\u00e9betv\u00e1ros"},"image":{"@id":"https:\/\/szineserzsebetvaros.hu\/#\/schema\/logo\/image\/"},"sameAs":["https:\/\/www.facebook.com\/szineserzsebetvaros"]},{"@type":"Person","@id":"https:\/\/szineserzsebetvaros.hu\/#\/schema\/person\/3cd60b17fa44cb8b1ea5368088ecfdc2","name":"Zolt\u00e1n","image":{"@type":"ImageObject","inLanguage":"en-US","@id":"https:\/\/szineserzsebetvaros.hu\/#\/schema\/person\/image\/","url":"https:\/\/secure.gravatar.com\/avatar\/694647f275ca7914a56b7365923c620562f2777f90703bc6fbd5fb8530b2e0ca?s=96&d=mm&r=g","contentUrl":"https:\/\/secure.gravatar.com\/avatar\/694647f275ca7914a56b7365923c620562f2777f90703bc6fbd5fb8530b2e0ca?s=96&d=mm&r=g","caption":"Zolt\u00e1n"},"sameAs":["https:\/\/szineserzsebetvaros.hu"],"url":"https:\/\/szineserzsebetvaros.hu\/en\/author\/bodozoltan\/"}]}},"_links":{"self":[{"href":"https:\/\/szineserzsebetvaros.hu\/en\/wp-json\/wp\/v2\/posts\/417","targetHints":{"allow":["GET"]}}],"collection":[{"href":"https:\/\/szineserzsebetvaros.hu\/en\/wp-json\/wp\/v2\/posts"}],"about":[{"href":"https:\/\/szineserzsebetvaros.hu\/en\/wp-json\/wp\/v2\/types\/post"}],"author":[{"embeddable":true,"href":"https:\/\/szineserzsebetvaros.hu\/en\/wp-json\/wp\/v2\/users\/1"}],"replies":[{"embeddable":true,"href":"https:\/\/szineserzsebetvaros.hu\/en\/wp-json\/wp\/v2\/comments?post=417"}],"version-history":[{"count":3,"href":"https:\/\/szineserzsebetvaros.hu\/en\/wp-json\/wp\/v2\/posts\/417\/revisions"}],"predecessor-version":[{"id":537,"href":"https:\/\/szineserzsebetvaros.hu\/en\/wp-json\/wp\/v2\/posts\/417\/revisions\/537"}],"wp:featuredmedia":[{"embeddable":true,"href":"https:\/\/szineserzsebetvaros.hu\/en\/wp-json\/wp\/v2\/media\/418"}],"wp:attachment":[{"href":"https:\/\/szineserzsebetvaros.hu\/en\/wp-json\/wp\/v2\/media?parent=417"}],"wp:term":[{"taxonomy":"category","embeddable":true,"href":"https:\/\/szineserzsebetvaros.hu\/en\/wp-json\/wp\/v2\/categories?post=417"},{"taxonomy":"post_tag","embeddable":true,"href":"https:\/\/szineserzsebetvaros.hu\/en\/wp-json\/wp\/v2\/tags?post=417"}],"curies":[{"name":"wp","href":"https:\/\/api.w.org\/{rel}","templated":true}]}}