{"id":363,"date":"2025-02-05T18:42:35","date_gmt":"2025-02-05T17:42:35","guid":{"rendered":"https:\/\/szineserzsebetvaros.hu\/?p=363"},"modified":"2025-02-05T18:42:35","modified_gmt":"2025-02-05T17:42:35","slug":"szekely-mihaly-street-parklet","status":"publish","type":"post","link":"https:\/\/szineserzsebetvaros.hu\/en\/szekely-mihaly-street-parklet\/","title":{"rendered":"Sz\u00e9kely Mih\u00e1ly Street Parklet"},"content":{"rendered":"<figure class=\"wp-block-embed is-type-video is-provider-youtube wp-block-embed-youtube wp-embed-aspect-16-9 wp-has-aspect-ratio\"><div class=\"wp-block-embed__wrapper\">\n<iframe title=\"Budapest&#039;s pedestrian zone, New Boulevard, is under construction\" width=\"800\" height=\"450\" src=\"https:\/\/www.youtube.com\/embed\/ONQx1Y8T604?feature=oembed\" frameborder=\"0\" allow=\"accelerometer; autoplay; clipboard-write; encrypted-media; gyroscope; picture-in-picture; web-share\" referrerpolicy=\"strict-origin-when-cross-origin\" allowfullscreen><\/iframe>\n<\/div><\/figure>\n\n\n\n<p>As part of the \u00daj-K\u00f6r\u00fat concept, we created parklets on Sz\u00e9kely Mih\u00e1ly Street. Our goal is to draw attention to urban solutions that make the city greener and more livable, while facilitating adaptation to climate challenges. These people-centered spaces prioritize the needs of pedestrians and community use over vehicle traffic.<\/p>\n\n\n\n<div class=\"wp-block-columns is-layout-flex wp-container-core-columns-is-layout-9d6595d7 wp-block-columns-is-layout-flex\">\n<div class=\"wp-block-column is-layout-flow wp-block-column-is-layout-flow\">\n<figure class=\"wp-block-image size-large\"><img fetchpriority=\"high\" decoding=\"async\" width=\"768\" height=\"1024\" src=\"https:\/\/szineserzsebetvaros.hu\/wp-content\/uploads\/2025\/02\/20231002_102553-768x1024.jpg\" alt=\"\" class=\"wp-image-366\" srcset=\"https:\/\/szineserzsebetvaros.hu\/wp-content\/uploads\/2025\/02\/20231002_102553-768x1024.jpg 768w, https:\/\/szineserzsebetvaros.hu\/wp-content\/uploads\/2025\/02\/20231002_102553-225x300.jpg 225w, https:\/\/szineserzsebetvaros.hu\/wp-content\/uploads\/2025\/02\/20231002_102553-1152x1536.jpg 1152w, https:\/\/szineserzsebetvaros.hu\/wp-content\/uploads\/2025\/02\/20231002_102553-1536x2048.jpg 1536w, https:\/\/szineserzsebetvaros.hu\/wp-content\/uploads\/2025\/02\/20231002_102553-scaled.jpg 1920w\" sizes=\"(max-width: 768px) 100vw, 768px\" \/><\/figure>\n<\/div>\n\n\n\n<div class=\"wp-block-column is-vertically-aligned-center is-layout-flow wp-block-column-is-layout-flow\">\n<figure class=\"wp-block-image size-large\"><img decoding=\"async\" src=\"https:\/\/szineserzsebetvaros.hu\/wp-content\/uploads\/2025\/02\/20230921_132248-1-1-891x1024.jpg\" alt=\"\" class=\"wp-image-365\"\/><\/figure>\n<\/div>\n\n\n\n<div class=\"wp-block-column is-layout-flow wp-block-column-is-layout-flow\">\n<figure class=\"wp-block-image size-large\"><img decoding=\"async\" width=\"768\" height=\"1024\" src=\"https:\/\/szineserzsebetvaros.hu\/wp-content\/uploads\/2025\/02\/20231002_102228-768x1024.jpg\" alt=\"\" class=\"wp-image-367\" srcset=\"https:\/\/szineserzsebetvaros.hu\/wp-content\/uploads\/2025\/02\/20231002_102228-768x1024.jpg 768w, https:\/\/szineserzsebetvaros.hu\/wp-content\/uploads\/2025\/02\/20231002_102228-225x300.jpg 225w, https:\/\/szineserzsebetvaros.hu\/wp-content\/uploads\/2025\/02\/20231002_102228-1152x1536.jpg 1152w, https:\/\/szineserzsebetvaros.hu\/wp-content\/uploads\/2025\/02\/20231002_102228-1536x2048.jpg 1536w, https:\/\/szineserzsebetvaros.hu\/wp-content\/uploads\/2025\/02\/20231002_102228-scaled.jpg 1920w\" sizes=\"(max-width: 768px) 100vw, 768px\" \/><\/figure>\n<\/div>\n<\/div>\n\n\n\n<p><\/p>","protected":false},"excerpt":{"rendered":"<p>As part of the \u00daj-K\u00f6r\u00fat concept, we created parklets on Sz\u00e9kely Mih\u00e1ly Street. Our goal is to draw attention to urban solutions that make the city greener and more livable, while facilitating adaptation to climate challenges. These people-centered spaces prioritize the needs of pedestrians and community use over vehicle traffic.<\/p>","protected":false},"author":1,"featured_media":364,"comment_status":"closed","ping_status":"","sticky":false,"template":"","format":"standard","meta":{"give_campaign_id":0,"footnotes":""},"categories":[1],"tags":[],"class_list":["post-363","post","type-post","status-publish","format-standard","has-post-thumbnail","hentry","category-urbanisztika"],"yoast_head":"<!-- This site is optimized with the Yoast SEO Premium plugin v26.2 (Yoast SEO v26.3) - https:\/\/yoast.com\/wordpress\/plugins\/seo\/ -->\n<title>Sz\u00e9kely Mih\u00e1ly utca parklet - Sz\u00ednes Erzs\u00e9betv\u00e1ros<\/title>\n<meta name=\"robots\" content=\"index, follow, max-snippet:-1, max-image-preview:large, max-video-preview:-1\" \/>\n<link rel=\"canonical\" href=\"https:\/\/szineserzsebetvaros.hu\/en\/szekely-mihaly-street-parklet\/\" \/>\n<meta property=\"og:locale\" content=\"en_US\" \/>\n<meta property=\"og:type\" content=\"article\" \/>\n<meta property=\"og:title\" content=\"Sz\u00e9kely Mih\u00e1ly utca parklet\" \/>\n<meta property=\"og:description\" content=\"Az \u00daj-K\u00f6r\u00fat koncepci\u00f3j\u00e1nak r\u00e9szek\u00e9nt parkleteket hoztunk l\u00e9tre a Sz\u00e9kely Mih\u00e1ly utc\u00e1ban. C\u00e9lunk, hogy felh\u00edvjuk a figyelmet az olyan urbanisztikai megold\u00e1sokra, amelyek z\u00f6ldebb\u00e9 \u00e9s \u00e9lhet\u0151bb\u00e9 teszik a v\u00e1rost, mik\u00f6zben el\u0151seg\u00edtik a kl\u00edmakih\u00edv\u00e1sokhoz val\u00f3 alkalmazkod\u00e1st. Ezek az emberk\u00f6zpont\u00fa terek a g\u00e9pj\u00e1rm\u0171forgalom helyett a gyalogosok \u00e9s k\u00f6z\u00f6ss\u00e9gi haszn\u00e1lat ig\u00e9nyeit helyezik el\u0151t\u00e9rbe.\" \/>\n<meta property=\"og:url\" content=\"https:\/\/szineserzsebetvaros.hu\/en\/szekely-mihaly-street-parklet\/\" \/>\n<meta property=\"og:site_name\" content=\"Sz\u00ednes Erzs\u00e9betv\u00e1ros\" \/>\n<meta property=\"article:publisher\" content=\"https:\/\/www.facebook.com\/szineserzsebetvaros\" \/>\n<meta property=\"article:published_time\" content=\"2025-02-05T17:42:35+00:00\" \/>\n<meta property=\"og:image\" content=\"https:\/\/szineserzsebetvaros.hu\/wp-content\/uploads\/2025\/02\/20230921_132248-1-scaled.jpg\" \/>\n\t<meta property=\"og:image:width\" content=\"2227\" \/>\n\t<meta property=\"og:image:height\" content=\"2560\" \/>\n\t<meta property=\"og:image:type\" content=\"image\/jpeg\" \/>\n<meta name=\"author\" content=\"Zolt\u00e1n\" \/>\n<meta name=\"twitter:card\" content=\"summary_large_image\" \/>\n<meta name=\"twitter:label1\" content=\"Written by\" \/>\n\t<meta name=\"twitter:data1\" content=\"Zolt\u00e1n\" \/>\n<script type=\"application\/ld+json\" class=\"yoast-schema-graph\">{\"@context\":\"https:\/\/schema.org\",\"@graph\":[{\"@type\":\"Article\",\"@id\":\"https:\/\/szineserzsebetvaros.hu\/szekely-mihaly-utca-parklet\/#article\",\"isPartOf\":{\"@id\":\"https:\/\/szineserzsebetvaros.hu\/szekely-mihaly-utca-parklet\/\"},\"author\":{\"name\":\"Zolt\u00e1n\",\"@id\":\"https:\/\/szineserzsebetvaros.hu\/#\/schema\/person\/3cd60b17fa44cb8b1ea5368088ecfdc2\"},\"headline\":\"Sz\u00e9kely Mih\u00e1ly utca parklet\",\"datePublished\":\"2025-02-05T17:42:35+00:00\",\"mainEntityOfPage\":{\"@id\":\"https:\/\/szineserzsebetvaros.hu\/szekely-mihaly-utca-parklet\/\"},\"wordCount\":97,\"publisher\":{\"@id\":\"https:\/\/szineserzsebetvaros.hu\/#organization\"},\"image\":{\"@id\":\"https:\/\/szineserzsebetvaros.hu\/szekely-mihaly-utca-parklet\/#primaryimage\"},\"thumbnailUrl\":\"https:\/\/szineserzsebetvaros.hu\/wp-content\/uploads\/2025\/02\/20230921_132248-1-scaled.jpg\",\"articleSection\":[\"Urbanisztika\"],\"inLanguage\":\"en-US\"},{\"@type\":\"WebPage\",\"@id\":\"https:\/\/szineserzsebetvaros.hu\/szekely-mihaly-utca-parklet\/\",\"url\":\"https:\/\/szineserzsebetvaros.hu\/szekely-mihaly-utca-parklet\/\",\"name\":\"Sz\u00e9kely Mih\u00e1ly utca parklet - Sz\u00ednes Erzs\u00e9betv\u00e1ros\",\"isPartOf\":{\"@id\":\"https:\/\/szineserzsebetvaros.hu\/#website\"},\"primaryImageOfPage\":{\"@id\":\"https:\/\/szineserzsebetvaros.hu\/szekely-mihaly-utca-parklet\/#primaryimage\"},\"image\":{\"@id\":\"https:\/\/szineserzsebetvaros.hu\/szekely-mihaly-utca-parklet\/#primaryimage\"},\"thumbnailUrl\":\"https:\/\/szineserzsebetvaros.hu\/wp-content\/uploads\/2025\/02\/20230921_132248-1-scaled.jpg\",\"datePublished\":\"2025-02-05T17:42:35+00:00\",\"breadcrumb\":{\"@id\":\"https:\/\/szineserzsebetvaros.hu\/szekely-mihaly-utca-parklet\/#breadcrumb\"},\"inLanguage\":\"en-US\",\"potentialAction\":[{\"@type\":\"ReadAction\",\"target\":[\"https:\/\/szineserzsebetvaros.hu\/szekely-mihaly-utca-parklet\/\"]}]},{\"@type\":\"ImageObject\",\"inLanguage\":\"en-US\",\"@id\":\"https:\/\/szineserzsebetvaros.hu\/szekely-mihaly-utca-parklet\/#primaryimage\",\"url\":\"https:\/\/szineserzsebetvaros.hu\/wp-content\/uploads\/2025\/02\/20230921_132248-1-scaled.jpg\",\"contentUrl\":\"https:\/\/szineserzsebetvaros.hu\/wp-content\/uploads\/2025\/02\/20230921_132248-1-scaled.jpg\",\"width\":2227,\"height\":2560},{\"@type\":\"BreadcrumbList\",\"@id\":\"https:\/\/szineserzsebetvaros.hu\/szekely-mihaly-utca-parklet\/#breadcrumb\",\"itemListElement\":[{\"@type\":\"ListItem\",\"position\":1,\"name\":\"Kezd\u0151lap\",\"item\":\"https:\/\/szineserzsebetvaros.hu\/\"},{\"@type\":\"ListItem\",\"position\":2,\"name\":\"Sz\u00e9kely Mih\u00e1ly utca parklet\"}]},{\"@type\":\"WebSite\",\"@id\":\"https:\/\/szineserzsebetvaros.hu\/#website\",\"url\":\"https:\/\/szineserzsebetvaros.hu\/\",\"name\":\"Sz\u00ednes Erzs\u00e9betv\u00e1ros\",\"description\":\"Erzs\u00e9betv\u00e1ros, Budapest VII. ker\u00fclet\u00e9nek port\u00e1lja\",\"publisher\":{\"@id\":\"https:\/\/szineserzsebetvaros.hu\/#organization\"},\"potentialAction\":[{\"@type\":\"SearchAction\",\"target\":{\"@type\":\"EntryPoint\",\"urlTemplate\":\"https:\/\/szineserzsebetvaros.hu\/?s={search_term_string}\"},\"query-input\":{\"@type\":\"PropertyValueSpecification\",\"valueRequired\":true,\"valueName\":\"search_term_string\"}}],\"inLanguage\":\"en-US\"},{\"@type\":\"Organization\",\"@id\":\"https:\/\/szineserzsebetvaros.hu\/#organization\",\"name\":\"Sz\u00ednes Erzs\u00e9betv\u00e1ros\",\"url\":\"https:\/\/szineserzsebetvaros.hu\/\",\"logo\":{\"@type\":\"ImageObject\",\"inLanguage\":\"en-US\",\"@id\":\"https:\/\/szineserzsebetvaros.hu\/#\/schema\/logo\/image\/\",\"url\":\"https:\/\/szineserzsebetvaros.hu\/wp-content\/uploads\/2024\/10\/SZEVlogo_color-2.png\",\"contentUrl\":\"https:\/\/szineserzsebetvaros.hu\/wp-content\/uploads\/2024\/10\/SZEVlogo_color-2.png\",\"width\":350,\"height\":102,\"caption\":\"Sz\u00ednes Erzs\u00e9betv\u00e1ros\"},\"image\":{\"@id\":\"https:\/\/szineserzsebetvaros.hu\/#\/schema\/logo\/image\/\"},\"sameAs\":[\"https:\/\/www.facebook.com\/szineserzsebetvaros\"]},{\"@type\":\"Person\",\"@id\":\"https:\/\/szineserzsebetvaros.hu\/#\/schema\/person\/3cd60b17fa44cb8b1ea5368088ecfdc2\",\"name\":\"Zolt\u00e1n\",\"image\":{\"@type\":\"ImageObject\",\"inLanguage\":\"en-US\",\"@id\":\"https:\/\/szineserzsebetvaros.hu\/#\/schema\/person\/image\/\",\"url\":\"https:\/\/secure.gravatar.com\/avatar\/694647f275ca7914a56b7365923c620562f2777f90703bc6fbd5fb8530b2e0ca?s=96&d=mm&r=g\",\"contentUrl\":\"https:\/\/secure.gravatar.com\/avatar\/694647f275ca7914a56b7365923c620562f2777f90703bc6fbd5fb8530b2e0ca?s=96&d=mm&r=g\",\"caption\":\"Zolt\u00e1n\"},\"sameAs\":[\"https:\/\/szineserzsebetvaros.hu\"],\"url\":\"https:\/\/szineserzsebetvaros.hu\/en\/author\/bodozoltan\/\"}]}<\/script>\n<!-- \/ Yoast SEO Premium plugin. -->","yoast_head_json":{"title":"Sz\u00e9kely Mih\u00e1ly utca parklet - Sz\u00ednes Erzs\u00e9betv\u00e1ros","robots":{"index":"index","follow":"follow","max-snippet":"max-snippet:-1","max-image-preview":"max-image-preview:large","max-video-preview":"max-video-preview:-1"},"canonical":"https:\/\/szineserzsebetvaros.hu\/en\/szekely-mihaly-street-parklet\/","og_locale":"en_US","og_type":"article","og_title":"Sz\u00e9kely Mih\u00e1ly utca parklet","og_description":"Az \u00daj-K\u00f6r\u00fat koncepci\u00f3j\u00e1nak r\u00e9szek\u00e9nt parkleteket hoztunk l\u00e9tre a Sz\u00e9kely Mih\u00e1ly utc\u00e1ban. C\u00e9lunk, hogy felh\u00edvjuk a figyelmet az olyan urbanisztikai megold\u00e1sokra, amelyek z\u00f6ldebb\u00e9 \u00e9s \u00e9lhet\u0151bb\u00e9 teszik a v\u00e1rost, mik\u00f6zben el\u0151seg\u00edtik a kl\u00edmakih\u00edv\u00e1sokhoz val\u00f3 alkalmazkod\u00e1st. Ezek az emberk\u00f6zpont\u00fa terek a g\u00e9pj\u00e1rm\u0171forgalom helyett a gyalogosok \u00e9s k\u00f6z\u00f6ss\u00e9gi haszn\u00e1lat ig\u00e9nyeit helyezik el\u0151t\u00e9rbe.","og_url":"https:\/\/szineserzsebetvaros.hu\/en\/szekely-mihaly-street-parklet\/","og_site_name":"Sz\u00ednes Erzs\u00e9betv\u00e1ros","article_publisher":"https:\/\/www.facebook.com\/szineserzsebetvaros","article_published_time":"2025-02-05T17:42:35+00:00","og_image":[{"width":2227,"height":2560,"url":"https:\/\/szineserzsebetvaros.hu\/wp-content\/uploads\/2025\/02\/20230921_132248-1-scaled.jpg","type":"image\/jpeg"}],"author":"Zolt\u00e1n","twitter_card":"summary_large_image","twitter_misc":{"Written by":"Zolt\u00e1n"},"schema":{"@context":"https:\/\/schema.org","@graph":[{"@type":"Article","@id":"https:\/\/szineserzsebetvaros.hu\/szekely-mihaly-utca-parklet\/#article","isPartOf":{"@id":"https:\/\/szineserzsebetvaros.hu\/szekely-mihaly-utca-parklet\/"},"author":{"name":"Zolt\u00e1n","@id":"https:\/\/szineserzsebetvaros.hu\/#\/schema\/person\/3cd60b17fa44cb8b1ea5368088ecfdc2"},"headline":"Sz\u00e9kely Mih\u00e1ly utca parklet","datePublished":"2025-02-05T17:42:35+00:00","mainEntityOfPage":{"@id":"https:\/\/szineserzsebetvaros.hu\/szekely-mihaly-utca-parklet\/"},"wordCount":97,"publisher":{"@id":"https:\/\/szineserzsebetvaros.hu\/#organization"},"image":{"@id":"https:\/\/szineserzsebetvaros.hu\/szekely-mihaly-utca-parklet\/#primaryimage"},"thumbnailUrl":"https:\/\/szineserzsebetvaros.hu\/wp-content\/uploads\/2025\/02\/20230921_132248-1-scaled.jpg","articleSection":["Urbanisztika"],"inLanguage":"en-US"},{"@type":"WebPage","@id":"https:\/\/szineserzsebetvaros.hu\/szekely-mihaly-utca-parklet\/","url":"https:\/\/szineserzsebetvaros.hu\/szekely-mihaly-utca-parklet\/","name":"Sz\u00e9kely Mih\u00e1ly utca parklet - Sz\u00ednes Erzs\u00e9betv\u00e1ros","isPartOf":{"@id":"https:\/\/szineserzsebetvaros.hu\/#website"},"primaryImageOfPage":{"@id":"https:\/\/szineserzsebetvaros.hu\/szekely-mihaly-utca-parklet\/#primaryimage"},"image":{"@id":"https:\/\/szineserzsebetvaros.hu\/szekely-mihaly-utca-parklet\/#primaryimage"},"thumbnailUrl":"https:\/\/szineserzsebetvaros.hu\/wp-content\/uploads\/2025\/02\/20230921_132248-1-scaled.jpg","datePublished":"2025-02-05T17:42:35+00:00","breadcrumb":{"@id":"https:\/\/szineserzsebetvaros.hu\/szekely-mihaly-utca-parklet\/#breadcrumb"},"inLanguage":"en-US","potentialAction":[{"@type":"ReadAction","target":["https:\/\/szineserzsebetvaros.hu\/szekely-mihaly-utca-parklet\/"]}]},{"@type":"ImageObject","inLanguage":"en-US","@id":"https:\/\/szineserzsebetvaros.hu\/szekely-mihaly-utca-parklet\/#primaryimage","url":"https:\/\/szineserzsebetvaros.hu\/wp-content\/uploads\/2025\/02\/20230921_132248-1-scaled.jpg","contentUrl":"https:\/\/szineserzsebetvaros.hu\/wp-content\/uploads\/2025\/02\/20230921_132248-1-scaled.jpg","width":2227,"height":2560},{"@type":"BreadcrumbList","@id":"https:\/\/szineserzsebetvaros.hu\/szekely-mihaly-utca-parklet\/#breadcrumb","itemListElement":[{"@type":"ListItem","position":1,"name":"Kezd\u0151lap","item":"https:\/\/szineserzsebetvaros.hu\/"},{"@type":"ListItem","position":2,"name":"Sz\u00e9kely Mih\u00e1ly utca parklet"}]},{"@type":"WebSite","@id":"https:\/\/szineserzsebetvaros.hu\/#website","url":"https:\/\/szineserzsebetvaros.hu\/","name":"Sz\u00ednes Erzs\u00e9betv\u00e1ros","description":"Erzs\u00e9betv\u00e1ros, Budapest VII. ker\u00fclet\u00e9nek port\u00e1lja","publisher":{"@id":"https:\/\/szineserzsebetvaros.hu\/#organization"},"potentialAction":[{"@type":"SearchAction","target":{"@type":"EntryPoint","urlTemplate":"https:\/\/szineserzsebetvaros.hu\/?s={search_term_string}"},"query-input":{"@type":"PropertyValueSpecification","valueRequired":true,"valueName":"search_term_string"}}],"inLanguage":"en-US"},{"@type":"Organization","@id":"https:\/\/szineserzsebetvaros.hu\/#organization","name":"Sz\u00ednes Erzs\u00e9betv\u00e1ros","url":"https:\/\/szineserzsebetvaros.hu\/","logo":{"@type":"ImageObject","inLanguage":"en-US","@id":"https:\/\/szineserzsebetvaros.hu\/#\/schema\/logo\/image\/","url":"https:\/\/szineserzsebetvaros.hu\/wp-content\/uploads\/2024\/10\/SZEVlogo_color-2.png","contentUrl":"https:\/\/szineserzsebetvaros.hu\/wp-content\/uploads\/2024\/10\/SZEVlogo_color-2.png","width":350,"height":102,"caption":"Sz\u00ednes Erzs\u00e9betv\u00e1ros"},"image":{"@id":"https:\/\/szineserzsebetvaros.hu\/#\/schema\/logo\/image\/"},"sameAs":["https:\/\/www.facebook.com\/szineserzsebetvaros"]},{"@type":"Person","@id":"https:\/\/szineserzsebetvaros.hu\/#\/schema\/person\/3cd60b17fa44cb8b1ea5368088ecfdc2","name":"Zolt\u00e1n","image":{"@type":"ImageObject","inLanguage":"en-US","@id":"https:\/\/szineserzsebetvaros.hu\/#\/schema\/person\/image\/","url":"https:\/\/secure.gravatar.com\/avatar\/694647f275ca7914a56b7365923c620562f2777f90703bc6fbd5fb8530b2e0ca?s=96&d=mm&r=g","contentUrl":"https:\/\/secure.gravatar.com\/avatar\/694647f275ca7914a56b7365923c620562f2777f90703bc6fbd5fb8530b2e0ca?s=96&d=mm&r=g","caption":"Zolt\u00e1n"},"sameAs":["https:\/\/szineserzsebetvaros.hu"],"url":"https:\/\/szineserzsebetvaros.hu\/en\/author\/bodozoltan\/"}]}},"_links":{"self":[{"href":"https:\/\/szineserzsebetvaros.hu\/en\/wp-json\/wp\/v2\/posts\/363","targetHints":{"allow":["GET"]}}],"collection":[{"href":"https:\/\/szineserzsebetvaros.hu\/en\/wp-json\/wp\/v2\/posts"}],"about":[{"href":"https:\/\/szineserzsebetvaros.hu\/en\/wp-json\/wp\/v2\/types\/post"}],"author":[{"embeddable":true,"href":"https:\/\/szineserzsebetvaros.hu\/en\/wp-json\/wp\/v2\/users\/1"}],"replies":[{"embeddable":true,"href":"https:\/\/szineserzsebetvaros.hu\/en\/wp-json\/wp\/v2\/comments?post=363"}],"version-history":[{"count":1,"href":"https:\/\/szineserzsebetvaros.hu\/en\/wp-json\/wp\/v2\/posts\/363\/revisions"}],"predecessor-version":[{"id":370,"href":"https:\/\/szineserzsebetvaros.hu\/en\/wp-json\/wp\/v2\/posts\/363\/revisions\/370"}],"wp:featuredmedia":[{"embeddable":true,"href":"https:\/\/szineserzsebetvaros.hu\/en\/wp-json\/wp\/v2\/media\/364"}],"wp:attachment":[{"href":"https:\/\/szineserzsebetvaros.hu\/en\/wp-json\/wp\/v2\/media?parent=363"}],"wp:term":[{"taxonomy":"category","embeddable":true,"href":"https:\/\/szineserzsebetvaros.hu\/en\/wp-json\/wp\/v2\/categories?post=363"},{"taxonomy":"post_tag","embeddable":true,"href":"https:\/\/szineserzsebetvaros.hu\/en\/wp-json\/wp\/v2\/tags?post=363"}],"curies":[{"name":"wp","href":"https:\/\/api.w.org\/{rel}","templated":true}]}}