{"id":358,"date":"2024-02-13T18:19:00","date_gmt":"2024-02-13T17:19:00","guid":{"rendered":"https:\/\/szineserzsebetvaros.hu\/?p=358"},"modified":"2025-02-05T18:27:05","modified_gmt":"2025-02-05T17:27:05","slug":"coal-hanna-park-bench-renovation","status":"publish","type":"post","link":"https:\/\/szineserzsebetvaros.hu\/en\/coal-hanna-park-bench-renovation\/","title":{"rendered":"Szenes Hanna Park \u2013 Bench renovation"},"content":{"rendered":"<p>The use of parks is often hampered by public furniture in poor condition. That&#039;s why we renovated the benches in Szenes Hanna Park ourselves so that the residents of the district can relax comfortably and enjoy nature.<\/p>\n\n\n\n<div class=\"wp-block-columns is-layout-flex wp-container-core-columns-is-layout-9d6595d7 wp-block-columns-is-layout-flex\">\n<div class=\"wp-block-column is-layout-flow wp-block-column-is-layout-flow\">\n<figure class=\"wp-block-image size-large\"><img fetchpriority=\"high\" decoding=\"async\" width=\"768\" height=\"1024\" src=\"https:\/\/szineserzsebetvaros.hu\/wp-content\/uploads\/2025\/02\/20230929_112311_HDR-768x1024.jpg\" alt=\"\" class=\"wp-image-359\" srcset=\"https:\/\/szineserzsebetvaros.hu\/wp-content\/uploads\/2025\/02\/20230929_112311_HDR-768x1024.jpg 768w, https:\/\/szineserzsebetvaros.hu\/wp-content\/uploads\/2025\/02\/20230929_112311_HDR-225x300.jpg 225w, https:\/\/szineserzsebetvaros.hu\/wp-content\/uploads\/2025\/02\/20230929_112311_HDR-1152x1536.jpg 1152w, https:\/\/szineserzsebetvaros.hu\/wp-content\/uploads\/2025\/02\/20230929_112311_HDR-1536x2048.jpg 1536w, https:\/\/szineserzsebetvaros.hu\/wp-content\/uploads\/2025\/02\/20230929_112311_HDR-scaled.jpg 1920w\" sizes=\"(max-width: 768px) 100vw, 768px\" \/><\/figure>\n<\/div>\n\n\n\n<div class=\"wp-block-column is-layout-flow wp-block-column-is-layout-flow\">\n<figure class=\"wp-block-image size-large\"><img decoding=\"async\" width=\"836\" height=\"1024\" src=\"https:\/\/szineserzsebetvaros.hu\/wp-content\/uploads\/2025\/02\/20231026_153056-836x1024.jpg\" alt=\"\" class=\"wp-image-360\" srcset=\"https:\/\/szineserzsebetvaros.hu\/wp-content\/uploads\/2025\/02\/20231026_153056-836x1024.jpg 836w, https:\/\/szineserzsebetvaros.hu\/wp-content\/uploads\/2025\/02\/20231026_153056-245x300.jpg 245w, https:\/\/szineserzsebetvaros.hu\/wp-content\/uploads\/2025\/02\/20231026_153056-768x941.jpg 768w, https:\/\/szineserzsebetvaros.hu\/wp-content\/uploads\/2025\/02\/20231026_153056-1254x1536.jpg 1254w, https:\/\/szineserzsebetvaros.hu\/wp-content\/uploads\/2025\/02\/20231026_153056-1671x2048.jpg 1671w\" sizes=\"(max-width: 836px) 100vw, 836px\" \/><\/figure>\n<\/div>\n\n\n\n<div class=\"wp-block-column is-layout-flow wp-block-column-is-layout-flow\">\n<figure class=\"wp-block-image size-large\"><img decoding=\"async\" width=\"768\" height=\"1024\" src=\"https:\/\/szineserzsebetvaros.hu\/wp-content\/uploads\/2025\/02\/20231030_141635_HDR-768x1024.jpg\" alt=\"\" class=\"wp-image-361\" srcset=\"https:\/\/szineserzsebetvaros.hu\/wp-content\/uploads\/2025\/02\/20231030_141635_HDR-768x1024.jpg 768w, https:\/\/szineserzsebetvaros.hu\/wp-content\/uploads\/2025\/02\/20231030_141635_HDR-225x300.jpg 225w, https:\/\/szineserzsebetvaros.hu\/wp-content\/uploads\/2025\/02\/20231030_141635_HDR-1152x1536.jpg 1152w, https:\/\/szineserzsebetvaros.hu\/wp-content\/uploads\/2025\/02\/20231030_141635_HDR-1536x2048.jpg 1536w, https:\/\/szineserzsebetvaros.hu\/wp-content\/uploads\/2025\/02\/20231030_141635_HDR-scaled.jpg 1920w\" sizes=\"(max-width: 768px) 100vw, 768px\" \/><\/figure>\n<\/div>\n<\/div>\n\n\n\n<p><\/p>","protected":false},"excerpt":{"rendered":"<p>The use of parks is often hampered by public furniture in poor condition. That&#039;s why we renovated the benches in Szenes Hanna Park ourselves so that the residents of the district can relax comfortably and enjoy nature.<\/p>","protected":false},"author":1,"featured_media":360,"comment_status":"closed","ping_status":"","sticky":false,"template":"","format":"standard","meta":{"give_campaign_id":0,"footnotes":""},"categories":[1],"tags":[],"class_list":["post-358","post","type-post","status-publish","format-standard","has-post-thumbnail","hentry","category-urbanisztika"],"yoast_head":"<!-- This site is optimized with the Yoast SEO Premium plugin v26.2 (Yoast SEO v26.3) - https:\/\/yoast.com\/wordpress\/plugins\/seo\/ -->\n<title>Szenes Hanna Park - Padfel\u00faj\u00edt\u00e1s - Sz\u00ednes Erzs\u00e9betv\u00e1ros<\/title>\n<meta name=\"robots\" content=\"index, follow, max-snippet:-1, max-image-preview:large, max-video-preview:-1\" \/>\n<link rel=\"canonical\" href=\"https:\/\/szineserzsebetvaros.hu\/en\/coal-hanna-park-bench-renovation\/\" \/>\n<meta property=\"og:locale\" content=\"en_US\" \/>\n<meta property=\"og:type\" content=\"article\" \/>\n<meta property=\"og:title\" content=\"Szenes Hanna Park - Padfel\u00faj\u00edt\u00e1s\" \/>\n<meta property=\"og:description\" content=\"A parkok haszn\u00e1lat\u00e1t sokszor nehez\u00edtik a rossz \u00e1llapotban l\u00e9v\u0151 k\u00f6zt\u00e9ri b\u00fatorok. Ez\u00e9rt mi magunk \u00faj\u00edtottuk fel a Szenes Hanna park padjait, hogy a ker\u00fclet lak\u00f3i k\u00e9nyelmesen pihenhessenek \u00e9s \u00e9lvezhess\u00e9k a term\u00e9szetet.\" \/>\n<meta property=\"og:url\" content=\"https:\/\/szineserzsebetvaros.hu\/en\/coal-hanna-park-bench-renovation\/\" \/>\n<meta property=\"og:site_name\" content=\"Sz\u00ednes Erzs\u00e9betv\u00e1ros\" \/>\n<meta property=\"article:publisher\" content=\"https:\/\/www.facebook.com\/szineserzsebetvaros\" \/>\n<meta property=\"article:published_time\" content=\"2024-02-13T17:19:00+00:00\" \/>\n<meta property=\"article:modified_time\" content=\"2025-02-05T17:27:05+00:00\" \/>\n<meta property=\"og:image\" content=\"https:\/\/szineserzsebetvaros.hu\/wp-content\/uploads\/2025\/02\/20231026_153056-scaled.jpg\" \/>\n\t<meta property=\"og:image:width\" content=\"2089\" \/>\n\t<meta property=\"og:image:height\" content=\"2560\" \/>\n\t<meta property=\"og:image:type\" content=\"image\/jpeg\" \/>\n<meta name=\"author\" content=\"Zolt\u00e1n\" \/>\n<meta name=\"twitter:card\" content=\"summary_large_image\" \/>\n<meta name=\"twitter:label1\" content=\"Written by\" \/>\n\t<meta name=\"twitter:data1\" content=\"Zolt\u00e1n\" \/>\n<script type=\"application\/ld+json\" class=\"yoast-schema-graph\">{\"@context\":\"https:\/\/schema.org\",\"@graph\":[{\"@type\":\"Article\",\"@id\":\"https:\/\/szineserzsebetvaros.hu\/szenes-hanna-park-padfelujitas\/#article\",\"isPartOf\":{\"@id\":\"https:\/\/szineserzsebetvaros.hu\/szenes-hanna-park-padfelujitas\/\"},\"author\":{\"name\":\"Zolt\u00e1n\",\"@id\":\"https:\/\/szineserzsebetvaros.hu\/#\/schema\/person\/3cd60b17fa44cb8b1ea5368088ecfdc2\"},\"headline\":\"Szenes Hanna Park &#8211; Padfel\u00faj\u00edt\u00e1s\",\"datePublished\":\"2024-02-13T17:19:00+00:00\",\"dateModified\":\"2025-02-05T17:27:05+00:00\",\"mainEntityOfPage\":{\"@id\":\"https:\/\/szineserzsebetvaros.hu\/szenes-hanna-park-padfelujitas\/\"},\"wordCount\":53,\"publisher\":{\"@id\":\"https:\/\/szineserzsebetvaros.hu\/#organization\"},\"image\":{\"@id\":\"https:\/\/szineserzsebetvaros.hu\/szenes-hanna-park-padfelujitas\/#primaryimage\"},\"thumbnailUrl\":\"https:\/\/szineserzsebetvaros.hu\/wp-content\/uploads\/2025\/02\/20231026_153056-scaled.jpg\",\"articleSection\":[\"Urbanisztika\"],\"inLanguage\":\"en-US\"},{\"@type\":\"WebPage\",\"@id\":\"https:\/\/szineserzsebetvaros.hu\/szenes-hanna-park-padfelujitas\/\",\"url\":\"https:\/\/szineserzsebetvaros.hu\/szenes-hanna-park-padfelujitas\/\",\"name\":\"Szenes Hanna Park - Padfel\u00faj\u00edt\u00e1s - Sz\u00ednes Erzs\u00e9betv\u00e1ros\",\"isPartOf\":{\"@id\":\"https:\/\/szineserzsebetvaros.hu\/#website\"},\"primaryImageOfPage\":{\"@id\":\"https:\/\/szineserzsebetvaros.hu\/szenes-hanna-park-padfelujitas\/#primaryimage\"},\"image\":{\"@id\":\"https:\/\/szineserzsebetvaros.hu\/szenes-hanna-park-padfelujitas\/#primaryimage\"},\"thumbnailUrl\":\"https:\/\/szineserzsebetvaros.hu\/wp-content\/uploads\/2025\/02\/20231026_153056-scaled.jpg\",\"datePublished\":\"2024-02-13T17:19:00+00:00\",\"dateModified\":\"2025-02-05T17:27:05+00:00\",\"breadcrumb\":{\"@id\":\"https:\/\/szineserzsebetvaros.hu\/szenes-hanna-park-padfelujitas\/#breadcrumb\"},\"inLanguage\":\"en-US\",\"potentialAction\":[{\"@type\":\"ReadAction\",\"target\":[\"https:\/\/szineserzsebetvaros.hu\/szenes-hanna-park-padfelujitas\/\"]}]},{\"@type\":\"ImageObject\",\"inLanguage\":\"en-US\",\"@id\":\"https:\/\/szineserzsebetvaros.hu\/szenes-hanna-park-padfelujitas\/#primaryimage\",\"url\":\"https:\/\/szineserzsebetvaros.hu\/wp-content\/uploads\/2025\/02\/20231026_153056-scaled.jpg\",\"contentUrl\":\"https:\/\/szineserzsebetvaros.hu\/wp-content\/uploads\/2025\/02\/20231026_153056-scaled.jpg\",\"width\":2089,\"height\":2560},{\"@type\":\"BreadcrumbList\",\"@id\":\"https:\/\/szineserzsebetvaros.hu\/szenes-hanna-park-padfelujitas\/#breadcrumb\",\"itemListElement\":[{\"@type\":\"ListItem\",\"position\":1,\"name\":\"Kezd\u0151lap\",\"item\":\"https:\/\/szineserzsebetvaros.hu\/\"},{\"@type\":\"ListItem\",\"position\":2,\"name\":\"Szenes Hanna Park &#8211; Padfel\u00faj\u00edt\u00e1s\"}]},{\"@type\":\"WebSite\",\"@id\":\"https:\/\/szineserzsebetvaros.hu\/#website\",\"url\":\"https:\/\/szineserzsebetvaros.hu\/\",\"name\":\"Sz\u00ednes Erzs\u00e9betv\u00e1ros\",\"description\":\"Erzs\u00e9betv\u00e1ros, Budapest VII. ker\u00fclet\u00e9nek port\u00e1lja\",\"publisher\":{\"@id\":\"https:\/\/szineserzsebetvaros.hu\/#organization\"},\"potentialAction\":[{\"@type\":\"SearchAction\",\"target\":{\"@type\":\"EntryPoint\",\"urlTemplate\":\"https:\/\/szineserzsebetvaros.hu\/?s={search_term_string}\"},\"query-input\":{\"@type\":\"PropertyValueSpecification\",\"valueRequired\":true,\"valueName\":\"search_term_string\"}}],\"inLanguage\":\"en-US\"},{\"@type\":\"Organization\",\"@id\":\"https:\/\/szineserzsebetvaros.hu\/#organization\",\"name\":\"Sz\u00ednes Erzs\u00e9betv\u00e1ros\",\"url\":\"https:\/\/szineserzsebetvaros.hu\/\",\"logo\":{\"@type\":\"ImageObject\",\"inLanguage\":\"en-US\",\"@id\":\"https:\/\/szineserzsebetvaros.hu\/#\/schema\/logo\/image\/\",\"url\":\"https:\/\/szineserzsebetvaros.hu\/wp-content\/uploads\/2024\/10\/SZEVlogo_color-2.png\",\"contentUrl\":\"https:\/\/szineserzsebetvaros.hu\/wp-content\/uploads\/2024\/10\/SZEVlogo_color-2.png\",\"width\":350,\"height\":102,\"caption\":\"Sz\u00ednes Erzs\u00e9betv\u00e1ros\"},\"image\":{\"@id\":\"https:\/\/szineserzsebetvaros.hu\/#\/schema\/logo\/image\/\"},\"sameAs\":[\"https:\/\/www.facebook.com\/szineserzsebetvaros\"]},{\"@type\":\"Person\",\"@id\":\"https:\/\/szineserzsebetvaros.hu\/#\/schema\/person\/3cd60b17fa44cb8b1ea5368088ecfdc2\",\"name\":\"Zolt\u00e1n\",\"image\":{\"@type\":\"ImageObject\",\"inLanguage\":\"en-US\",\"@id\":\"https:\/\/szineserzsebetvaros.hu\/#\/schema\/person\/image\/\",\"url\":\"https:\/\/secure.gravatar.com\/avatar\/694647f275ca7914a56b7365923c620562f2777f90703bc6fbd5fb8530b2e0ca?s=96&d=mm&r=g\",\"contentUrl\":\"https:\/\/secure.gravatar.com\/avatar\/694647f275ca7914a56b7365923c620562f2777f90703bc6fbd5fb8530b2e0ca?s=96&d=mm&r=g\",\"caption\":\"Zolt\u00e1n\"},\"sameAs\":[\"https:\/\/szineserzsebetvaros.hu\"],\"url\":\"https:\/\/szineserzsebetvaros.hu\/en\/author\/bodozoltan\/\"}]}<\/script>\n<!-- \/ Yoast SEO Premium plugin. -->","yoast_head_json":{"title":"Szenes Hanna Park - Padfel\u00faj\u00edt\u00e1s - Sz\u00ednes Erzs\u00e9betv\u00e1ros","robots":{"index":"index","follow":"follow","max-snippet":"max-snippet:-1","max-image-preview":"max-image-preview:large","max-video-preview":"max-video-preview:-1"},"canonical":"https:\/\/szineserzsebetvaros.hu\/en\/coal-hanna-park-bench-renovation\/","og_locale":"en_US","og_type":"article","og_title":"Szenes Hanna Park - Padfel\u00faj\u00edt\u00e1s","og_description":"A parkok haszn\u00e1lat\u00e1t sokszor nehez\u00edtik a rossz \u00e1llapotban l\u00e9v\u0151 k\u00f6zt\u00e9ri b\u00fatorok. Ez\u00e9rt mi magunk \u00faj\u00edtottuk fel a Szenes Hanna park padjait, hogy a ker\u00fclet lak\u00f3i k\u00e9nyelmesen pihenhessenek \u00e9s \u00e9lvezhess\u00e9k a term\u00e9szetet.","og_url":"https:\/\/szineserzsebetvaros.hu\/en\/coal-hanna-park-bench-renovation\/","og_site_name":"Sz\u00ednes Erzs\u00e9betv\u00e1ros","article_publisher":"https:\/\/www.facebook.com\/szineserzsebetvaros","article_published_time":"2024-02-13T17:19:00+00:00","article_modified_time":"2025-02-05T17:27:05+00:00","og_image":[{"width":2089,"height":2560,"url":"https:\/\/szineserzsebetvaros.hu\/wp-content\/uploads\/2025\/02\/20231026_153056-scaled.jpg","type":"image\/jpeg"}],"author":"Zolt\u00e1n","twitter_card":"summary_large_image","twitter_misc":{"Written by":"Zolt\u00e1n"},"schema":{"@context":"https:\/\/schema.org","@graph":[{"@type":"Article","@id":"https:\/\/szineserzsebetvaros.hu\/szenes-hanna-park-padfelujitas\/#article","isPartOf":{"@id":"https:\/\/szineserzsebetvaros.hu\/szenes-hanna-park-padfelujitas\/"},"author":{"name":"Zolt\u00e1n","@id":"https:\/\/szineserzsebetvaros.hu\/#\/schema\/person\/3cd60b17fa44cb8b1ea5368088ecfdc2"},"headline":"Szenes Hanna Park &#8211; Padfel\u00faj\u00edt\u00e1s","datePublished":"2024-02-13T17:19:00+00:00","dateModified":"2025-02-05T17:27:05+00:00","mainEntityOfPage":{"@id":"https:\/\/szineserzsebetvaros.hu\/szenes-hanna-park-padfelujitas\/"},"wordCount":53,"publisher":{"@id":"https:\/\/szineserzsebetvaros.hu\/#organization"},"image":{"@id":"https:\/\/szineserzsebetvaros.hu\/szenes-hanna-park-padfelujitas\/#primaryimage"},"thumbnailUrl":"https:\/\/szineserzsebetvaros.hu\/wp-content\/uploads\/2025\/02\/20231026_153056-scaled.jpg","articleSection":["Urbanisztika"],"inLanguage":"en-US"},{"@type":"WebPage","@id":"https:\/\/szineserzsebetvaros.hu\/szenes-hanna-park-padfelujitas\/","url":"https:\/\/szineserzsebetvaros.hu\/szenes-hanna-park-padfelujitas\/","name":"Szenes Hanna Park - Padfel\u00faj\u00edt\u00e1s - Sz\u00ednes Erzs\u00e9betv\u00e1ros","isPartOf":{"@id":"https:\/\/szineserzsebetvaros.hu\/#website"},"primaryImageOfPage":{"@id":"https:\/\/szineserzsebetvaros.hu\/szenes-hanna-park-padfelujitas\/#primaryimage"},"image":{"@id":"https:\/\/szineserzsebetvaros.hu\/szenes-hanna-park-padfelujitas\/#primaryimage"},"thumbnailUrl":"https:\/\/szineserzsebetvaros.hu\/wp-content\/uploads\/2025\/02\/20231026_153056-scaled.jpg","datePublished":"2024-02-13T17:19:00+00:00","dateModified":"2025-02-05T17:27:05+00:00","breadcrumb":{"@id":"https:\/\/szineserzsebetvaros.hu\/szenes-hanna-park-padfelujitas\/#breadcrumb"},"inLanguage":"en-US","potentialAction":[{"@type":"ReadAction","target":["https:\/\/szineserzsebetvaros.hu\/szenes-hanna-park-padfelujitas\/"]}]},{"@type":"ImageObject","inLanguage":"en-US","@id":"https:\/\/szineserzsebetvaros.hu\/szenes-hanna-park-padfelujitas\/#primaryimage","url":"https:\/\/szineserzsebetvaros.hu\/wp-content\/uploads\/2025\/02\/20231026_153056-scaled.jpg","contentUrl":"https:\/\/szineserzsebetvaros.hu\/wp-content\/uploads\/2025\/02\/20231026_153056-scaled.jpg","width":2089,"height":2560},{"@type":"BreadcrumbList","@id":"https:\/\/szineserzsebetvaros.hu\/szenes-hanna-park-padfelujitas\/#breadcrumb","itemListElement":[{"@type":"ListItem","position":1,"name":"Kezd\u0151lap","item":"https:\/\/szineserzsebetvaros.hu\/"},{"@type":"ListItem","position":2,"name":"Szenes Hanna Park &#8211; Padfel\u00faj\u00edt\u00e1s"}]},{"@type":"WebSite","@id":"https:\/\/szineserzsebetvaros.hu\/#website","url":"https:\/\/szineserzsebetvaros.hu\/","name":"Sz\u00ednes Erzs\u00e9betv\u00e1ros","description":"Erzs\u00e9betv\u00e1ros, Budapest VII. ker\u00fclet\u00e9nek port\u00e1lja","publisher":{"@id":"https:\/\/szineserzsebetvaros.hu\/#organization"},"potentialAction":[{"@type":"SearchAction","target":{"@type":"EntryPoint","urlTemplate":"https:\/\/szineserzsebetvaros.hu\/?s={search_term_string}"},"query-input":{"@type":"PropertyValueSpecification","valueRequired":true,"valueName":"search_term_string"}}],"inLanguage":"en-US"},{"@type":"Organization","@id":"https:\/\/szineserzsebetvaros.hu\/#organization","name":"Sz\u00ednes Erzs\u00e9betv\u00e1ros","url":"https:\/\/szineserzsebetvaros.hu\/","logo":{"@type":"ImageObject","inLanguage":"en-US","@id":"https:\/\/szineserzsebetvaros.hu\/#\/schema\/logo\/image\/","url":"https:\/\/szineserzsebetvaros.hu\/wp-content\/uploads\/2024\/10\/SZEVlogo_color-2.png","contentUrl":"https:\/\/szineserzsebetvaros.hu\/wp-content\/uploads\/2024\/10\/SZEVlogo_color-2.png","width":350,"height":102,"caption":"Sz\u00ednes Erzs\u00e9betv\u00e1ros"},"image":{"@id":"https:\/\/szineserzsebetvaros.hu\/#\/schema\/logo\/image\/"},"sameAs":["https:\/\/www.facebook.com\/szineserzsebetvaros"]},{"@type":"Person","@id":"https:\/\/szineserzsebetvaros.hu\/#\/schema\/person\/3cd60b17fa44cb8b1ea5368088ecfdc2","name":"Zolt\u00e1n","image":{"@type":"ImageObject","inLanguage":"en-US","@id":"https:\/\/szineserzsebetvaros.hu\/#\/schema\/person\/image\/","url":"https:\/\/secure.gravatar.com\/avatar\/694647f275ca7914a56b7365923c620562f2777f90703bc6fbd5fb8530b2e0ca?s=96&d=mm&r=g","contentUrl":"https:\/\/secure.gravatar.com\/avatar\/694647f275ca7914a56b7365923c620562f2777f90703bc6fbd5fb8530b2e0ca?s=96&d=mm&r=g","caption":"Zolt\u00e1n"},"sameAs":["https:\/\/szineserzsebetvaros.hu"],"url":"https:\/\/szineserzsebetvaros.hu\/en\/author\/bodozoltan\/"}]}},"_links":{"self":[{"href":"https:\/\/szineserzsebetvaros.hu\/en\/wp-json\/wp\/v2\/posts\/358","targetHints":{"allow":["GET"]}}],"collection":[{"href":"https:\/\/szineserzsebetvaros.hu\/en\/wp-json\/wp\/v2\/posts"}],"about":[{"href":"https:\/\/szineserzsebetvaros.hu\/en\/wp-json\/wp\/v2\/types\/post"}],"author":[{"embeddable":true,"href":"https:\/\/szineserzsebetvaros.hu\/en\/wp-json\/wp\/v2\/users\/1"}],"replies":[{"embeddable":true,"href":"https:\/\/szineserzsebetvaros.hu\/en\/wp-json\/wp\/v2\/comments?post=358"}],"version-history":[{"count":1,"href":"https:\/\/szineserzsebetvaros.hu\/en\/wp-json\/wp\/v2\/posts\/358\/revisions"}],"predecessor-version":[{"id":362,"href":"https:\/\/szineserzsebetvaros.hu\/en\/wp-json\/wp\/v2\/posts\/358\/revisions\/362"}],"wp:featuredmedia":[{"embeddable":true,"href":"https:\/\/szineserzsebetvaros.hu\/en\/wp-json\/wp\/v2\/media\/360"}],"wp:attachment":[{"href":"https:\/\/szineserzsebetvaros.hu\/en\/wp-json\/wp\/v2\/media?parent=358"}],"wp:term":[{"taxonomy":"category","embeddable":true,"href":"https:\/\/szineserzsebetvaros.hu\/en\/wp-json\/wp\/v2\/categories?post=358"},{"taxonomy":"post_tag","embeddable":true,"href":"https:\/\/szineserzsebetvaros.hu\/en\/wp-json\/wp\/v2\/tags?post=358"}],"curies":[{"name":"wp","href":"https:\/\/api.w.org\/{rel}","templated":true}]}}