{"id":346,"date":"2024-02-13T18:01:00","date_gmt":"2024-02-13T17:01:00","guid":{"rendered":"https:\/\/szineserzsebetvaros.hu\/?p=346"},"modified":"2025-02-05T18:18:45","modified_gmt":"2025-02-05T17:18:45","slug":"zebra-crossing","status":"publish","type":"post","link":"https:\/\/szineserzsebetvaros.hu\/en\/zebra-crossing\/","title":{"rendered":"Zebra transfer"},"content":{"rendered":"<figure class=\"wp-block-embed is-type-video is-provider-youtube wp-block-embed-youtube wp-embed-aspect-16-9 wp-has-aspect-ratio\"><div class=\"wp-block-embed__wrapper\">\n<iframe title=\"The Sz\u00ednes Erzs\u00e9betv\u00e1ros team did it: there is a zebra on R\u00e1k\u00f3czi Street, this is how we celebrated!\" width=\"800\" height=\"450\" src=\"https:\/\/www.youtube.com\/embed\/NPUwSFL546E?feature=oembed\" frameborder=\"0\" allow=\"accelerometer; autoplay; clipboard-write; encrypted-media; gyroscope; picture-in-picture; web-share\" referrerpolicy=\"strict-origin-when-cross-origin\" allowfullscreen><\/iframe>\n<\/div><\/figure>\n\n\n\n<p>Our long-standing dream came true with the construction of the R\u00e1k\u00f3czi Street zebra crossing, which was implemented as part of the New Ring Road plan with the support of the Budapest Community Budget. The new pedestrian crossing not only made traffic safer, but also contributed to the people-centered transformation of the city.<\/p>\n\n\n\n<div class=\"wp-block-group is-layout-grid wp-container-core-group-is-layout-9649a0d9 wp-block-group-is-layout-grid\">\n<div class=\"wp-block-columns is-layout-flex wp-container-core-columns-is-layout-9d6595d7 wp-block-columns-is-layout-flex\">\n<div class=\"wp-block-column is-layout-flow wp-block-column-is-layout-flow\" style=\"flex-basis:100%\">\n<figure class=\"wp-block-image size-large\"><img fetchpriority=\"high\" decoding=\"async\" width=\"1024\" height=\"768\" src=\"https:\/\/szineserzsebetvaros.hu\/wp-content\/uploads\/2024\/02\/20231202_113944-1024x768.jpg\" alt=\"\" class=\"wp-image-349\" srcset=\"https:\/\/szineserzsebetvaros.hu\/wp-content\/uploads\/2024\/02\/20231202_113944-1024x768.jpg 1024w, https:\/\/szineserzsebetvaros.hu\/wp-content\/uploads\/2024\/02\/20231202_113944-300x225.jpg 300w, https:\/\/szineserzsebetvaros.hu\/wp-content\/uploads\/2024\/02\/20231202_113944-768x576.jpg 768w, https:\/\/szineserzsebetvaros.hu\/wp-content\/uploads\/2024\/02\/20231202_113944-1536x1152.jpg 1536w, https:\/\/szineserzsebetvaros.hu\/wp-content\/uploads\/2024\/02\/20231202_113944-2048x1536.jpg 2048w\" sizes=\"(max-width: 1024px) 100vw, 1024px\" \/><\/figure>\n<\/div>\n<\/div>\n\n\n\n<figure class=\"wp-block-image size-large\"><img decoding=\"async\" width=\"1024\" height=\"768\" src=\"https:\/\/szineserzsebetvaros.hu\/wp-content\/uploads\/2024\/02\/20231202_114855-1024x768.jpg\" alt=\"\" class=\"wp-image-351\" srcset=\"https:\/\/szineserzsebetvaros.hu\/wp-content\/uploads\/2024\/02\/20231202_114855-1024x768.jpg 1024w, https:\/\/szineserzsebetvaros.hu\/wp-content\/uploads\/2024\/02\/20231202_114855-300x225.jpg 300w, https:\/\/szineserzsebetvaros.hu\/wp-content\/uploads\/2024\/02\/20231202_114855-768x576.jpg 768w, https:\/\/szineserzsebetvaros.hu\/wp-content\/uploads\/2024\/02\/20231202_114855-1536x1152.jpg 1536w, https:\/\/szineserzsebetvaros.hu\/wp-content\/uploads\/2024\/02\/20231202_114855-2048x1536.jpg 2048w\" sizes=\"(max-width: 1024px) 100vw, 1024px\" \/><\/figure>\n\n\n\n<figure class=\"wp-block-image size-large\"><img decoding=\"async\" width=\"1024\" height=\"768\" src=\"https:\/\/szineserzsebetvaros.hu\/wp-content\/uploads\/2024\/02\/20231202_115600-1024x768.jpg\" alt=\"\" class=\"wp-image-352\" srcset=\"https:\/\/szineserzsebetvaros.hu\/wp-content\/uploads\/2024\/02\/20231202_115600-1024x768.jpg 1024w, https:\/\/szineserzsebetvaros.hu\/wp-content\/uploads\/2024\/02\/20231202_115600-300x225.jpg 300w, https:\/\/szineserzsebetvaros.hu\/wp-content\/uploads\/2024\/02\/20231202_115600-768x576.jpg 768w, https:\/\/szineserzsebetvaros.hu\/wp-content\/uploads\/2024\/02\/20231202_115600-1536x1152.jpg 1536w, https:\/\/szineserzsebetvaros.hu\/wp-content\/uploads\/2024\/02\/20231202_115600-2048x1536.jpg 2048w\" sizes=\"(max-width: 1024px) 100vw, 1024px\" \/><\/figure>\n\n\n\n<figure class=\"wp-block-image size-large\"><img loading=\"lazy\" decoding=\"async\" width=\"1024\" height=\"768\" src=\"https:\/\/szineserzsebetvaros.hu\/wp-content\/uploads\/2024\/02\/20231202_113946-1024x768.jpg\" alt=\"\" class=\"wp-image-350\" srcset=\"https:\/\/szineserzsebetvaros.hu\/wp-content\/uploads\/2024\/02\/20231202_113946-1024x768.jpg 1024w, https:\/\/szineserzsebetvaros.hu\/wp-content\/uploads\/2024\/02\/20231202_113946-300x225.jpg 300w, https:\/\/szineserzsebetvaros.hu\/wp-content\/uploads\/2024\/02\/20231202_113946-768x576.jpg 768w, https:\/\/szineserzsebetvaros.hu\/wp-content\/uploads\/2024\/02\/20231202_113946-1536x1152.jpg 1536w, https:\/\/szineserzsebetvaros.hu\/wp-content\/uploads\/2024\/02\/20231202_113946-2048x1536.jpg 2048w\" sizes=\"(max-width: 1024px) 100vw, 1024px\" \/><\/figure>\n<\/div>\n\n\n\n<p><\/p>","protected":false},"excerpt":{"rendered":"<p>Our long-standing dream came true with the construction of the R\u00e1k\u00f3czi Street zebra crossing, which was implemented as part of the New Ring Road plan with the support of the Budapest Community Budget. The new pedestrian crossing not only made traffic safer, but also contributed to the people-centered transformation of the city.<\/p>","protected":false},"author":1,"featured_media":342,"comment_status":"closed","ping_status":"","sticky":false,"template":"","format":"standard","meta":{"give_campaign_id":0,"footnotes":""},"categories":[1],"tags":[],"class_list":["post-346","post","type-post","status-publish","format-standard","has-post-thumbnail","hentry","category-urbanisztika"],"yoast_head":"<!-- This site is optimized with the Yoast SEO Premium plugin v26.2 (Yoast SEO v26.3) - https:\/\/yoast.com\/wordpress\/plugins\/seo\/ -->\n<title>Zebra \u00e1tad\u00e1sa - Sz\u00ednes Erzs\u00e9betv\u00e1ros<\/title>\n<meta name=\"robots\" content=\"index, follow, max-snippet:-1, max-image-preview:large, max-video-preview:-1\" \/>\n<link rel=\"canonical\" href=\"https:\/\/szineserzsebetvaros.hu\/en\/zebra-crossing\/\" \/>\n<meta property=\"og:locale\" content=\"en_US\" \/>\n<meta property=\"og:type\" content=\"article\" \/>\n<meta property=\"og:title\" content=\"Zebra \u00e1tad\u00e1sa\" \/>\n<meta property=\"og:description\" content=\"R\u00e9gi v\u00e1gyunk v\u00e1lt val\u00f3ra a R\u00e1k\u00f3czi \u00fati zebra meg\u00e9p\u00edt\u00e9s\u00e9vel, amely az \u00daj-K\u00f6r\u00fat terv r\u00e9szek\u00e9nt val\u00f3sult meg a Budapesti K\u00f6z\u00f6ss\u00e9gi K\u00f6lts\u00e9gvet\u00e9s t\u00e1mogat\u00e1s\u00e1val. Az \u00faj gyalog\u00e1tkel\u0151hely nemcsak biztons\u00e1gosabb\u00e1 tette a k\u00f6zleked\u00e9st, hanem hozz\u00e1j\u00e1rult a v\u00e1ros emberk\u00f6zpont\u00fa \u00e1talak\u00edt\u00e1s\u00e1hoz is.\" \/>\n<meta property=\"og:url\" content=\"https:\/\/szineserzsebetvaros.hu\/en\/zebra-crossing\/\" \/>\n<meta property=\"og:site_name\" content=\"Sz\u00ednes Erzs\u00e9betv\u00e1ros\" \/>\n<meta property=\"article:publisher\" content=\"https:\/\/www.facebook.com\/szineserzsebetvaros\" \/>\n<meta property=\"article:published_time\" content=\"2024-02-13T17:01:00+00:00\" \/>\n<meta property=\"article:modified_time\" content=\"2025-02-05T17:18:45+00:00\" \/>\n<meta property=\"og:image\" content=\"https:\/\/szineserzsebetvaros.hu\/wp-content\/uploads\/2025\/02\/Zebra-atadas.png\" \/>\n\t<meta property=\"og:image:width\" content=\"650\" \/>\n\t<meta property=\"og:image:height\" content=\"393\" \/>\n\t<meta property=\"og:image:type\" content=\"image\/png\" \/>\n<meta name=\"author\" content=\"Zolt\u00e1n\" \/>\n<meta name=\"twitter:card\" content=\"summary_large_image\" \/>\n<meta name=\"twitter:label1\" content=\"Written by\" \/>\n\t<meta name=\"twitter:data1\" content=\"Zolt\u00e1n\" \/>\n<script type=\"application\/ld+json\" class=\"yoast-schema-graph\">{\"@context\":\"https:\/\/schema.org\",\"@graph\":[{\"@type\":\"Article\",\"@id\":\"https:\/\/szineserzsebetvaros.hu\/zebra-atadasa\/#article\",\"isPartOf\":{\"@id\":\"https:\/\/szineserzsebetvaros.hu\/zebra-atadasa\/\"},\"author\":{\"name\":\"Zolt\u00e1n\",\"@id\":\"https:\/\/szineserzsebetvaros.hu\/#\/schema\/person\/3cd60b17fa44cb8b1ea5368088ecfdc2\"},\"headline\":\"Zebra \u00e1tad\u00e1sa\",\"datePublished\":\"2024-02-13T17:01:00+00:00\",\"dateModified\":\"2025-02-05T17:18:45+00:00\",\"mainEntityOfPage\":{\"@id\":\"https:\/\/szineserzsebetvaros.hu\/zebra-atadasa\/\"},\"wordCount\":83,\"publisher\":{\"@id\":\"https:\/\/szineserzsebetvaros.hu\/#organization\"},\"image\":{\"@id\":\"https:\/\/szineserzsebetvaros.hu\/zebra-atadasa\/#primaryimage\"},\"thumbnailUrl\":\"https:\/\/szineserzsebetvaros.hu\/wp-content\/uploads\/2025\/02\/Zebra-atadas.png\",\"articleSection\":[\"Urbanisztika\"],\"inLanguage\":\"en-US\"},{\"@type\":\"WebPage\",\"@id\":\"https:\/\/szineserzsebetvaros.hu\/zebra-atadasa\/\",\"url\":\"https:\/\/szineserzsebetvaros.hu\/zebra-atadasa\/\",\"name\":\"Zebra \u00e1tad\u00e1sa - Sz\u00ednes Erzs\u00e9betv\u00e1ros\",\"isPartOf\":{\"@id\":\"https:\/\/szineserzsebetvaros.hu\/#website\"},\"primaryImageOfPage\":{\"@id\":\"https:\/\/szineserzsebetvaros.hu\/zebra-atadasa\/#primaryimage\"},\"image\":{\"@id\":\"https:\/\/szineserzsebetvaros.hu\/zebra-atadasa\/#primaryimage\"},\"thumbnailUrl\":\"https:\/\/szineserzsebetvaros.hu\/wp-content\/uploads\/2025\/02\/Zebra-atadas.png\",\"datePublished\":\"2024-02-13T17:01:00+00:00\",\"dateModified\":\"2025-02-05T17:18:45+00:00\",\"breadcrumb\":{\"@id\":\"https:\/\/szineserzsebetvaros.hu\/zebra-atadasa\/#breadcrumb\"},\"inLanguage\":\"en-US\",\"potentialAction\":[{\"@type\":\"ReadAction\",\"target\":[\"https:\/\/szineserzsebetvaros.hu\/zebra-atadasa\/\"]}]},{\"@type\":\"ImageObject\",\"inLanguage\":\"en-US\",\"@id\":\"https:\/\/szineserzsebetvaros.hu\/zebra-atadasa\/#primaryimage\",\"url\":\"https:\/\/szineserzsebetvaros.hu\/wp-content\/uploads\/2025\/02\/Zebra-atadas.png\",\"contentUrl\":\"https:\/\/szineserzsebetvaros.hu\/wp-content\/uploads\/2025\/02\/Zebra-atadas.png\",\"width\":650,\"height\":393},{\"@type\":\"BreadcrumbList\",\"@id\":\"https:\/\/szineserzsebetvaros.hu\/zebra-atadasa\/#breadcrumb\",\"itemListElement\":[{\"@type\":\"ListItem\",\"position\":1,\"name\":\"Kezd\u0151lap\",\"item\":\"https:\/\/szineserzsebetvaros.hu\/\"},{\"@type\":\"ListItem\",\"position\":2,\"name\":\"Zebra \u00e1tad\u00e1sa\"}]},{\"@type\":\"WebSite\",\"@id\":\"https:\/\/szineserzsebetvaros.hu\/#website\",\"url\":\"https:\/\/szineserzsebetvaros.hu\/\",\"name\":\"Sz\u00ednes Erzs\u00e9betv\u00e1ros\",\"description\":\"Erzs\u00e9betv\u00e1ros, Budapest VII. ker\u00fclet\u00e9nek port\u00e1lja\",\"publisher\":{\"@id\":\"https:\/\/szineserzsebetvaros.hu\/#organization\"},\"potentialAction\":[{\"@type\":\"SearchAction\",\"target\":{\"@type\":\"EntryPoint\",\"urlTemplate\":\"https:\/\/szineserzsebetvaros.hu\/?s={search_term_string}\"},\"query-input\":{\"@type\":\"PropertyValueSpecification\",\"valueRequired\":true,\"valueName\":\"search_term_string\"}}],\"inLanguage\":\"en-US\"},{\"@type\":\"Organization\",\"@id\":\"https:\/\/szineserzsebetvaros.hu\/#organization\",\"name\":\"Sz\u00ednes Erzs\u00e9betv\u00e1ros\",\"url\":\"https:\/\/szineserzsebetvaros.hu\/\",\"logo\":{\"@type\":\"ImageObject\",\"inLanguage\":\"en-US\",\"@id\":\"https:\/\/szineserzsebetvaros.hu\/#\/schema\/logo\/image\/\",\"url\":\"https:\/\/szineserzsebetvaros.hu\/wp-content\/uploads\/2024\/10\/SZEVlogo_color-2.png\",\"contentUrl\":\"https:\/\/szineserzsebetvaros.hu\/wp-content\/uploads\/2024\/10\/SZEVlogo_color-2.png\",\"width\":350,\"height\":102,\"caption\":\"Sz\u00ednes Erzs\u00e9betv\u00e1ros\"},\"image\":{\"@id\":\"https:\/\/szineserzsebetvaros.hu\/#\/schema\/logo\/image\/\"},\"sameAs\":[\"https:\/\/www.facebook.com\/szineserzsebetvaros\"]},{\"@type\":\"Person\",\"@id\":\"https:\/\/szineserzsebetvaros.hu\/#\/schema\/person\/3cd60b17fa44cb8b1ea5368088ecfdc2\",\"name\":\"Zolt\u00e1n\",\"image\":{\"@type\":\"ImageObject\",\"inLanguage\":\"en-US\",\"@id\":\"https:\/\/szineserzsebetvaros.hu\/#\/schema\/person\/image\/\",\"url\":\"https:\/\/secure.gravatar.com\/avatar\/694647f275ca7914a56b7365923c620562f2777f90703bc6fbd5fb8530b2e0ca?s=96&d=mm&r=g\",\"contentUrl\":\"https:\/\/secure.gravatar.com\/avatar\/694647f275ca7914a56b7365923c620562f2777f90703bc6fbd5fb8530b2e0ca?s=96&d=mm&r=g\",\"caption\":\"Zolt\u00e1n\"},\"sameAs\":[\"https:\/\/szineserzsebetvaros.hu\"],\"url\":\"https:\/\/szineserzsebetvaros.hu\/en\/author\/bodozoltan\/\"}]}<\/script>\n<!-- \/ Yoast SEO Premium plugin. -->","yoast_head_json":{"title":"Zebra \u00e1tad\u00e1sa - Sz\u00ednes Erzs\u00e9betv\u00e1ros","robots":{"index":"index","follow":"follow","max-snippet":"max-snippet:-1","max-image-preview":"max-image-preview:large","max-video-preview":"max-video-preview:-1"},"canonical":"https:\/\/szineserzsebetvaros.hu\/en\/zebra-crossing\/","og_locale":"en_US","og_type":"article","og_title":"Zebra \u00e1tad\u00e1sa","og_description":"R\u00e9gi v\u00e1gyunk v\u00e1lt val\u00f3ra a R\u00e1k\u00f3czi \u00fati zebra meg\u00e9p\u00edt\u00e9s\u00e9vel, amely az \u00daj-K\u00f6r\u00fat terv r\u00e9szek\u00e9nt val\u00f3sult meg a Budapesti K\u00f6z\u00f6ss\u00e9gi K\u00f6lts\u00e9gvet\u00e9s t\u00e1mogat\u00e1s\u00e1val. Az \u00faj gyalog\u00e1tkel\u0151hely nemcsak biztons\u00e1gosabb\u00e1 tette a k\u00f6zleked\u00e9st, hanem hozz\u00e1j\u00e1rult a v\u00e1ros emberk\u00f6zpont\u00fa \u00e1talak\u00edt\u00e1s\u00e1hoz is.","og_url":"https:\/\/szineserzsebetvaros.hu\/en\/zebra-crossing\/","og_site_name":"Sz\u00ednes Erzs\u00e9betv\u00e1ros","article_publisher":"https:\/\/www.facebook.com\/szineserzsebetvaros","article_published_time":"2024-02-13T17:01:00+00:00","article_modified_time":"2025-02-05T17:18:45+00:00","og_image":[{"width":650,"height":393,"url":"https:\/\/szineserzsebetvaros.hu\/wp-content\/uploads\/2025\/02\/Zebra-atadas.png","type":"image\/png"}],"author":"Zolt\u00e1n","twitter_card":"summary_large_image","twitter_misc":{"Written by":"Zolt\u00e1n"},"schema":{"@context":"https:\/\/schema.org","@graph":[{"@type":"Article","@id":"https:\/\/szineserzsebetvaros.hu\/zebra-atadasa\/#article","isPartOf":{"@id":"https:\/\/szineserzsebetvaros.hu\/zebra-atadasa\/"},"author":{"name":"Zolt\u00e1n","@id":"https:\/\/szineserzsebetvaros.hu\/#\/schema\/person\/3cd60b17fa44cb8b1ea5368088ecfdc2"},"headline":"Zebra \u00e1tad\u00e1sa","datePublished":"2024-02-13T17:01:00+00:00","dateModified":"2025-02-05T17:18:45+00:00","mainEntityOfPage":{"@id":"https:\/\/szineserzsebetvaros.hu\/zebra-atadasa\/"},"wordCount":83,"publisher":{"@id":"https:\/\/szineserzsebetvaros.hu\/#organization"},"image":{"@id":"https:\/\/szineserzsebetvaros.hu\/zebra-atadasa\/#primaryimage"},"thumbnailUrl":"https:\/\/szineserzsebetvaros.hu\/wp-content\/uploads\/2025\/02\/Zebra-atadas.png","articleSection":["Urbanisztika"],"inLanguage":"en-US"},{"@type":"WebPage","@id":"https:\/\/szineserzsebetvaros.hu\/zebra-atadasa\/","url":"https:\/\/szineserzsebetvaros.hu\/zebra-atadasa\/","name":"Zebra \u00e1tad\u00e1sa - Sz\u00ednes Erzs\u00e9betv\u00e1ros","isPartOf":{"@id":"https:\/\/szineserzsebetvaros.hu\/#website"},"primaryImageOfPage":{"@id":"https:\/\/szineserzsebetvaros.hu\/zebra-atadasa\/#primaryimage"},"image":{"@id":"https:\/\/szineserzsebetvaros.hu\/zebra-atadasa\/#primaryimage"},"thumbnailUrl":"https:\/\/szineserzsebetvaros.hu\/wp-content\/uploads\/2025\/02\/Zebra-atadas.png","datePublished":"2024-02-13T17:01:00+00:00","dateModified":"2025-02-05T17:18:45+00:00","breadcrumb":{"@id":"https:\/\/szineserzsebetvaros.hu\/zebra-atadasa\/#breadcrumb"},"inLanguage":"en-US","potentialAction":[{"@type":"ReadAction","target":["https:\/\/szineserzsebetvaros.hu\/zebra-atadasa\/"]}]},{"@type":"ImageObject","inLanguage":"en-US","@id":"https:\/\/szineserzsebetvaros.hu\/zebra-atadasa\/#primaryimage","url":"https:\/\/szineserzsebetvaros.hu\/wp-content\/uploads\/2025\/02\/Zebra-atadas.png","contentUrl":"https:\/\/szineserzsebetvaros.hu\/wp-content\/uploads\/2025\/02\/Zebra-atadas.png","width":650,"height":393},{"@type":"BreadcrumbList","@id":"https:\/\/szineserzsebetvaros.hu\/zebra-atadasa\/#breadcrumb","itemListElement":[{"@type":"ListItem","position":1,"name":"Kezd\u0151lap","item":"https:\/\/szineserzsebetvaros.hu\/"},{"@type":"ListItem","position":2,"name":"Zebra \u00e1tad\u00e1sa"}]},{"@type":"WebSite","@id":"https:\/\/szineserzsebetvaros.hu\/#website","url":"https:\/\/szineserzsebetvaros.hu\/","name":"Sz\u00ednes Erzs\u00e9betv\u00e1ros","description":"Erzs\u00e9betv\u00e1ros, Budapest VII. ker\u00fclet\u00e9nek port\u00e1lja","publisher":{"@id":"https:\/\/szineserzsebetvaros.hu\/#organization"},"potentialAction":[{"@type":"SearchAction","target":{"@type":"EntryPoint","urlTemplate":"https:\/\/szineserzsebetvaros.hu\/?s={search_term_string}"},"query-input":{"@type":"PropertyValueSpecification","valueRequired":true,"valueName":"search_term_string"}}],"inLanguage":"en-US"},{"@type":"Organization","@id":"https:\/\/szineserzsebetvaros.hu\/#organization","name":"Sz\u00ednes Erzs\u00e9betv\u00e1ros","url":"https:\/\/szineserzsebetvaros.hu\/","logo":{"@type":"ImageObject","inLanguage":"en-US","@id":"https:\/\/szineserzsebetvaros.hu\/#\/schema\/logo\/image\/","url":"https:\/\/szineserzsebetvaros.hu\/wp-content\/uploads\/2024\/10\/SZEVlogo_color-2.png","contentUrl":"https:\/\/szineserzsebetvaros.hu\/wp-content\/uploads\/2024\/10\/SZEVlogo_color-2.png","width":350,"height":102,"caption":"Sz\u00ednes Erzs\u00e9betv\u00e1ros"},"image":{"@id":"https:\/\/szineserzsebetvaros.hu\/#\/schema\/logo\/image\/"},"sameAs":["https:\/\/www.facebook.com\/szineserzsebetvaros"]},{"@type":"Person","@id":"https:\/\/szineserzsebetvaros.hu\/#\/schema\/person\/3cd60b17fa44cb8b1ea5368088ecfdc2","name":"Zolt\u00e1n","image":{"@type":"ImageObject","inLanguage":"en-US","@id":"https:\/\/szineserzsebetvaros.hu\/#\/schema\/person\/image\/","url":"https:\/\/secure.gravatar.com\/avatar\/694647f275ca7914a56b7365923c620562f2777f90703bc6fbd5fb8530b2e0ca?s=96&d=mm&r=g","contentUrl":"https:\/\/secure.gravatar.com\/avatar\/694647f275ca7914a56b7365923c620562f2777f90703bc6fbd5fb8530b2e0ca?s=96&d=mm&r=g","caption":"Zolt\u00e1n"},"sameAs":["https:\/\/szineserzsebetvaros.hu"],"url":"https:\/\/szineserzsebetvaros.hu\/en\/author\/bodozoltan\/"}]}},"_links":{"self":[{"href":"https:\/\/szineserzsebetvaros.hu\/en\/wp-json\/wp\/v2\/posts\/346","targetHints":{"allow":["GET"]}}],"collection":[{"href":"https:\/\/szineserzsebetvaros.hu\/en\/wp-json\/wp\/v2\/posts"}],"about":[{"href":"https:\/\/szineserzsebetvaros.hu\/en\/wp-json\/wp\/v2\/types\/post"}],"author":[{"embeddable":true,"href":"https:\/\/szineserzsebetvaros.hu\/en\/wp-json\/wp\/v2\/users\/1"}],"replies":[{"embeddable":true,"href":"https:\/\/szineserzsebetvaros.hu\/en\/wp-json\/wp\/v2\/comments?post=346"}],"version-history":[{"count":7,"href":"https:\/\/szineserzsebetvaros.hu\/en\/wp-json\/wp\/v2\/posts\/346\/revisions"}],"predecessor-version":[{"id":357,"href":"https:\/\/szineserzsebetvaros.hu\/en\/wp-json\/wp\/v2\/posts\/346\/revisions\/357"}],"wp:featuredmedia":[{"embeddable":true,"href":"https:\/\/szineserzsebetvaros.hu\/en\/wp-json\/wp\/v2\/media\/342"}],"wp:attachment":[{"href":"https:\/\/szineserzsebetvaros.hu\/en\/wp-json\/wp\/v2\/media?parent=346"}],"wp:term":[{"taxonomy":"category","embeddable":true,"href":"https:\/\/szineserzsebetvaros.hu\/en\/wp-json\/wp\/v2\/categories?post=346"},{"taxonomy":"post_tag","embeddable":true,"href":"https:\/\/szineserzsebetvaros.hu\/en\/wp-json\/wp\/v2\/tags?post=346"}],"curies":[{"name":"wp","href":"https:\/\/api.w.org\/{rel}","templated":true}]}}