{"id":1315,"date":"2025-06-20T13:04:43","date_gmt":"2025-06-20T11:04:43","guid":{"rendered":"https:\/\/szineserzsebetvaros.hu\/?p=1315"},"modified":"2025-06-23T09:01:49","modified_gmt":"2025-06-23T07:01:49","slug":"street-party","status":"publish","type":"post","link":"https:\/\/szineserzsebetvaros.hu\/en\/street-party\/","title":{"rendered":"Promenade celebration"},"content":{"rendered":"<div data-elementor-type=\"wp-post\" data-elementor-id=\"1315\" class=\"elementor elementor-1315\" data-elementor-post-type=\"post\">\n\t\t\t\t<div class=\"elementor-element elementor-element-6c896dd e-flex e-con-boxed e-con e-parent\" data-id=\"6c896dd\" data-element_type=\"container\">\n\t\t\t\t\t<div class=\"e-con-inner\">\n\t\t\t\t<div class=\"elementor-element elementor-element-dea04cf elementor-widget elementor-widget-image\" data-id=\"dea04cf\" data-element_type=\"widget\" data-widget_type=\"image.default\">\n\t\t\t\t<div class=\"elementor-widget-container\">\n\t\t\t\t\t\t\t\t\t\t\t\t\t\t\t<img fetchpriority=\"high\" decoding=\"async\" width=\"768\" height=\"432\" src=\"https:\/\/szineserzsebetvaros.hu\/wp-content\/uploads\/2025\/06\/Kazinczy-utcafeszival-768x432.jpg\" class=\"attachment-medium_large size-medium_large wp-image-1359\" alt=\"\" srcset=\"https:\/\/szineserzsebetvaros.hu\/wp-content\/uploads\/2025\/06\/Kazinczy-utcafeszival-768x432.jpg 768w, https:\/\/szineserzsebetvaros.hu\/wp-content\/uploads\/2025\/06\/Kazinczy-utcafeszival-300x169.jpg 300w, https:\/\/szineserzsebetvaros.hu\/wp-content\/uploads\/2025\/06\/Kazinczy-utcafeszival-1024x576.jpg 1024w, https:\/\/szineserzsebetvaros.hu\/wp-content\/uploads\/2025\/06\/Kazinczy-utcafeszival-1536x864.jpg 1536w, https:\/\/szineserzsebetvaros.hu\/wp-content\/uploads\/2025\/06\/Kazinczy-utcafeszival-18x10.jpg 18w, https:\/\/szineserzsebetvaros.hu\/wp-content\/uploads\/2025\/06\/Kazinczy-utcafeszival.jpg 1600w\" sizes=\"(max-width: 768px) 100vw, 768px\" \/>\t\t\t\t\t\t\t\t\t\t\t\t\t\t\t<\/div>\n\t\t\t\t<\/div>\n\t\t\t\t\t<\/div>\n\t\t\t\t<\/div>\n\t\t<div class=\"elementor-element elementor-element-73ac9ba4 e-flex e-con-boxed e-con e-parent\" data-id=\"73ac9ba4\" data-element_type=\"container\">\n\t\t\t\t\t<div class=\"e-con-inner\">\n\t\t\t\t<div class=\"elementor-element elementor-element-2092f8df elementor-widget elementor-widget-text-editor\" data-id=\"2092f8df\" data-element_type=\"widget\" data-widget_type=\"text-editor.default\">\n\t\t\t\t<div class=\"elementor-widget-container\">\n\t\t\t\t\t\t\t\t\t<p><strong>The new traffic rules will come into effect in Inner Erzs\u00e9betv\u00e1ros on June 22nd<\/strong>, and after many years of struggle, Kazinczy Street, as well as some surrounding streets, will become a pedestrian street. This is a big step towards a more livable Budapest \u2013 and this\u00a0<strong>must be celebrated<\/strong>!<\/p>\n<p><!-- \/wp:paragraph --><!-- wp:paragraph --><\/p>\n<p>The best way to do this is to\u00a0<strong>Instead of an endless line of taxis, we take over the street ourselves<\/strong>: therefore the\u00a0<strong>Colorful Erzs\u00e9betv\u00e1ros and the Podmaniczky Movement<\/strong>\u00a0Friday, June 27th from 2:00 PM\u00a0<strong>organizes a street festival<\/strong>\u00a0on Kazinczy Street.<\/p>\n<p><!-- \/wp:paragraph --><!-- wp:heading {\"level\":3} --><\/p>\n<h3 id=\"h.herajwchme0s\" class=\"wp-block-heading\"><strong>\ud83d\uddd3\ufe0f Programs:<\/strong><\/h3>\n<p><!-- \/wp:heading --><!-- wp:list --><\/p>\n<ul class=\"wp-block-list\">\n<li style=\"list-style-type: none;\">\n<ul class=\"wp-block-list\"><!-- wp:list-item --><\/ul>\n<\/li>\n<\/ul>\n<ul class=\"wp-block-list\">\n<li style=\"list-style-type: none;\">\n<ul class=\"wp-block-list\">\n<li><strong>How can the city center be more livable?<br \/><\/strong>\u00a0Professional discussion with the participation of Gergely Kar\u00e1csony, D\u00e1vid Vit\u00e9zy, P\u00e9ter Niederm\u00fcller and Andr\u00e1s Pik\u00f3 from 5 pm<\/li>\n<\/ul>\n<\/li>\n<\/ul>\n<p><!-- \/wp:list-item --><!-- wp:list-item --><\/p>\n<ul class=\"wp-block-list\">\n<li style=\"list-style-type: none;\">\n<ul class=\"wp-block-list\">\n<li><strong>Traffic calming from idea to implementation<br \/><\/strong>\u00a0Discussion with the participation of D\u00e1niel R\u00e1dai (Deputy Mayor of J\u00f3zsefv\u00e1ros), Anna Szil\u00e1gyi (Member of the Capital City) and B\u00e9la Lajos (Member of Erzs\u00e9betv\u00e1ros)<\/li>\n<\/ul>\n<\/li>\n<\/ul>\n<p><!-- \/wp:list-item --><!-- wp:list-item --><\/p>\n<ul class=\"wp-block-list\">\n<li style=\"list-style-type: none;\">\n<ul class=\"wp-block-list\">\n<li><strong>Shared barbecue<\/strong><\/li>\n<\/ul>\n<\/li>\n<\/ul>\n<p><!-- \/wp:list-item --><!-- wp:list-item --><\/p>\n<ul class=\"wp-block-list\">\n<li style=\"list-style-type: none;\">\n<ul class=\"wp-block-list\">\n<li><strong>Ping pong, badminton, bocce<\/strong><\/li>\n<\/ul>\n<\/li>\n<\/ul>\n<p><!-- \/wp:list-item --><!-- wp:list-item --><\/p>\n<ul class=\"wp-block-list\">\n<li style=\"list-style-type: none;\">\n<ul class=\"wp-block-list\">\n<li><strong>Handicraft market with products from Hungarian producers<\/strong><\/li>\n<\/ul>\n<\/li>\n<\/ul>\n<p><!-- \/wp:list-item --><!-- wp:list-item --><\/p>\n<ul class=\"wp-block-list\">\n<li style=\"list-style-type: none;\">\n<ul class=\"wp-block-list\">\n<li>\n<p><strong>Face painting<\/strong><\/p>\n<\/li>\n<li>\n<p><strong>Common street decoration<\/strong><\/p>\n<\/li>\n<li>\n<p><strong>Handcrafted gears<\/strong><\/p>\n<\/li>\n<\/ul>\n<\/li>\n<\/ul>\n<p><!-- \/wp:list-item --><!-- wp:list-item --><\/p>\n<p><!-- \/wp:list-item --><\/p>\n<p><!-- \/wp:list --><!-- wp:separator --><\/p>\n<hr class=\"wp-block-separator has-alpha-channel-opacity\" \/>\n<p><!-- \/wp:separator --><!-- wp:paragraph --><\/p>\n<p><strong>\u00a0Panel description<\/strong><\/p>\n<p><!-- \/wp:paragraph --><!-- wp:paragraph --><\/p>\n<p><strong>Title: How can the city center be more livable?<\/strong><\/p>\n<p><!-- \/wp:paragraph --><!-- wp:paragraph --><\/p>\n<p><strong>The new traffic rules will come into effect in Inner Erzs\u00e9betv\u00e1ros on June 22nd<\/strong>, and after many years of struggle, Kazinczy Street and several surrounding streets are becoming pedestrian streets. This is a significant step towards a more livable Budapest \u2013 but how did we get here?<\/p>\n<p><!-- \/wp:paragraph --><!-- wp:paragraph --><\/p>\n<p>How can you\u00a0<strong>to cooperate with the capital and the districts<\/strong>\u00a0for a more livable downtown? And what can be done to make it\u00a0<strong>Don&#039;t let the inner districts become depopulated.<\/strong>but rather to retain real, vibrant city life?<\/p>\n<p><!-- \/wp:paragraph --><!-- wp:paragraph --><\/p>\n<p><strong>From five in the afternoon<\/strong>\u00a0these questions are discussed in\u00a0<strong>Podmaniczky Movement and the Colorful Erzs\u00e9betv\u00e1ros<\/strong>\u00a0at their joint street festival:<\/p>\n<p><!-- \/wp:paragraph --><!-- wp:list --><\/p>\n<ul class=\"wp-block-list\">\n<li style=\"list-style-type: none;\">\n<ul class=\"wp-block-list\"><!-- wp:list-item --><\/ul>\n<\/li>\n<\/ul>\n<ul class=\"wp-block-list\">\n<li style=\"list-style-type: none;\">\n<ul class=\"wp-block-list\">\n<li><strong>Gregory Christmas<\/strong>, Mayor of Budapest<\/li>\n<\/ul>\n<\/li>\n<\/ul>\n<p><!-- \/wp:list-item --><!-- wp:list-item --><\/p>\n<ul class=\"wp-block-list\">\n<li style=\"list-style-type: none;\">\n<ul class=\"wp-block-list\">\n<li><strong>Andras Piko<\/strong>, Mayor of J\u00f3zsefv\u00e1ros<\/li>\n<\/ul>\n<\/li>\n<\/ul>\n<p><!-- \/wp:list-item --><!-- wp:list-item --><\/p>\n<ul class=\"wp-block-list\">\n<li style=\"list-style-type: none;\">\n<ul class=\"wp-block-list\">\n<li><strong>Peter Niederm\u00fcller<\/strong>, Mayor of Erzs\u00e9betv\u00e1ros<\/li>\n<\/ul>\n<\/li>\n<\/ul>\n<p><!-- \/wp:list-item --><!-- wp:list-item --><\/p>\n<ul class=\"wp-block-list\">\n<li style=\"list-style-type: none;\">\n<ul class=\"wp-block-list\">\n<li><strong>David Vitezy<\/strong>, leader of the Podmaniczky faction, chairman of the Urban Development Committee<\/li>\n<\/ul>\n<\/li>\n<\/ul>\n<p><!-- \/wp:list-item --><\/p>\n<p><!-- \/wp:list --><!-- wp:heading --><\/p>\n<h2 class=\"wp-block-heading\">The event will be attended by:<\/h2>\n<div><strong><u>Jancs\u00f3 Art Gallery:<\/u><\/strong><\/div>\n<div>\n<div>Open gallery, open workshop, live painting, live music where you will have the opportunity to get to know each other, talk to the artists as a visitor, get a glimpse into the creative process and, last but not least, buy at studio prices.<\/div>\n<div>https:\/\/www.facebook.com\/JancsoArtGallery<\/div>\n<p><strong><a href=\"https:\/\/www.facebook.com\/JancsoArtGallery\" target=\"_blank\" rel=\"noreferrer noopener\">https:\/\/www.facebook.com\/JancsoArtGallery<\/a><\/strong><\/p>\n<\/div>\n<p><!-- \/wp:heading --><!-- wp:paragraph --><\/p>\n<p><strong><u>The Brassy LLama:<\/u><\/strong><br \/>Unique cord bracelet workshop. Age group: 6-99 years old. Make a unique cord bracelet from Czech glass beads and recycled materials. The bracelet is easy to make with my help, adjustable with a slip knot.\u00a0\u00a0<strong><a href=\"https:\/\/www.facebook.com\/thebrassyllama\" target=\"_blank\" rel=\"noreferrer noopener\">https:\/\/www.facebook.com\/thebrassyllama<\/a><\/strong><\/p>\n<p><strong>Print_gasm:<\/strong><br \/>I was thinking of a flash-friendly printer workshop, if you have a short time, you could print ready-made prints (max 10 minutes, for ages 5+) if you have more time, you could even cut them (1-5 hours for ages 12+). (If it&#039;s not a problem that the workshop would be with relatively sharp linocut knives.)<strong><a href=\"https:\/\/www.printgasm.eu\/\" target=\"_blank\" rel=\"noreferrer noopener\">https:\/\/www.printgasm.eu\/<\/a><\/strong><\/p>\n<p><strong>ManoConcept:<\/strong><br \/>I make lanterns and jewelry from recycled wine bottles, combining them with an organic material (kombucha Scoby). I grow the material from kombucha tea. It is a fermentation process, I could hold a workshop on kombucha itself, mainly the theoretical part, the drink, and my presentation of the material, with which I show how I use it for creative purposes. (Not the bottle, that part is my own invention and secret). Probably a friend of mine who deals with Kombucha as a drink could join me for part of the afternoon and could bring a tasting. By the way, she works in a Michelin-starred restaurant, she is quite professional.<strong><a href=\"https:\/\/manoconcept.art\/\" target=\"_blank\" rel=\"noreferrer noopener\">https:\/\/manoconcept.art\/<\/a>\u00a0<\/strong><\/p>\n<p><strong><u>UpOver Threadworks:<\/u><\/strong><br \/>Bead making workshop. I&#039;ll bring lots of all kinds of beads, charms, charms, baubles and so on, which you can string together to make jewelry, bag charms, key chains, things and whatever. I&#039;ll bring all the tools and equipment for this, and you just sit back and let your creativity take over. Approximate duration: 10-30 minutes. Age group: from kindergarten to retirement age (anyone who can string beads can do this too). <a href=\"https:\/\/www.facebook.com\/upovercernamuvek\">https:\/\/www.facebook.com\/upovercernamuvek<\/a><\/p>\n<p><!-- \/wp:paragraph --><!-- wp:paragraph --><\/p>\n<p><!-- \/wp:paragraph --><!-- wp:paragraph --><\/p>\n<p><!-- \/wp:paragraph --><!-- wp:paragraph --><\/p>\n<p><!-- \/wp:paragraph --><!-- wp:paragraph --><\/p>\n<p><strong>Robert de Fox<\/strong><br \/>friendship bracelet workshop<\/p>\n<p><strong><a href=\"https:\/\/www.facebook.com\/robertdefox\" target=\"_blank\" rel=\"noreferrer noopener\">https:\/\/www.facebo<\/a><\/strong><strong><a href=\"https:\/\/www.facebook.com\/robertdefox\" target=\"_blank\" rel=\"noreferrer noopener\">ok.com\/robertdefox<\/a><\/strong><\/p>\n<p><strong>Recyclista \/ Recyclock<\/strong><br \/>recycling workshop:\u00a0<\/p>\n<p><!-- \/wp:paragraph --><!-- wp:paragraph --><\/p>\n<p><!-- \/wp:paragraph --><!-- wp:list {\"ordered\":true} --><\/p>\n<ol class=\"wp-block-list\">\n<li style=\"list-style-type: none;\">\n<ol class=\"wp-block-list\"><!-- wp:list-item --><\/ol>\n<\/li>\n<\/ol>\n<ol class=\"wp-block-list\">\n<li style=\"list-style-type: none;\">\n<ol class=\"wp-block-list\">\n<li>making earrings or bracelets 1<\/li>\n<\/ol>\n<\/li>\n<\/ol>\n<p><!-- \/wp:list-item --><\/p>\n<p><!-- \/wp:list --><!-- wp:list --><\/p>\n<ul class=\"wp-block-list\">\n<li style=\"list-style-type: none;\">\n<ul class=\"wp-block-list\"><!-- wp:list-item --><\/ul>\n<\/li>\n<\/ul>\n<ul class=\"wp-block-list\">\n<li style=\"list-style-type: none;\">\n<ul class=\"wp-block-list\">\n<li>from a used, disassembled, painted bicycle chain<\/li>\n<\/ul>\n<\/li>\n<\/ul>\n<p><!-- \/wp:list-item --><\/p>\n<p><!-- \/wp:list --><!-- wp:list {\"ordered\":true,\"start\":2} --><\/p>\n<ol class=\"wp-block-list\" start=\"2\">\n<li style=\"list-style-type: none;\">\n<ol class=\"wp-block-list\" start=\"2\"><!-- wp:list-item --><\/ol>\n<\/li>\n<\/ol>\n<ol class=\"wp-block-list\" start=\"2\">\n<li style=\"list-style-type: none;\">\n<ol class=\"wp-block-list\" start=\"2\">\n<li>making earrings or bracelets 2<\/li>\n<\/ol>\n<\/li>\n<\/ol>\n<p><!-- \/wp:list-item --><\/p>\n<p><!-- \/wp:list --><!-- wp:list --><\/p>\n<ul class=\"wp-block-list\">\n<li style=\"list-style-type: none;\">\n<ul class=\"wp-block-list\"><!-- wp:list-item --><\/ul>\n<\/li>\n<\/ul>\n<ul class=\"wp-block-list\">\n<li style=\"list-style-type: none;\">\n<ul class=\"wp-block-list\">\n<li>from a used, cleaned bicycle interior<\/li>\n<\/ul>\n<\/li>\n<\/ul>\n<p><!-- \/wp:list-item --><!-- wp:list-item --><\/p>\n<ul class=\"wp-block-list\">\n<li style=\"list-style-type: none;\">\n<ul class=\"wp-block-list\">\n<li>recycling used advertising reels<\/li>\n<\/ul>\n<\/li>\n<\/ul>\n<p><!-- \/wp:list-item --><\/p>\n<p><!-- \/wp:list --><!-- wp:list {\"ordered\":true,\"start\":3} --><\/p>\n<ol class=\"wp-block-list\" start=\"3\">\n<li style=\"list-style-type: none;\">\n<ol class=\"wp-block-list\" start=\"3\"><!-- wp:list-item --><\/ol>\n<\/li>\n<\/ol>\n<ol class=\"wp-block-list\" start=\"3\">\n<li style=\"list-style-type: none;\">\n<ol class=\"wp-block-list\" start=\"3\">\n<li>making a keychain\u00a0<\/li>\n<\/ol>\n<\/li>\n<\/ol>\n<p><!-- \/wp:list-item --><\/p>\n<p><!-- \/wp:list --><!-- wp:list --><\/p>\n<ul class=\"wp-block-list\">\n<li style=\"list-style-type: none;\">\n<ul class=\"wp-block-list\"><!-- wp:list-item --><\/ul>\n<\/li>\n<\/ul>\n<ul class=\"wp-block-list\">\n<li style=\"list-style-type: none;\">\n<ul class=\"wp-block-list\">\n<li>from a used, cleaned bicycle tire or bicycle chain\u00a0<\/li>\n<\/ul>\n<\/li>\n<\/ul>\n<p><!-- \/wp:list-item --><\/p>\n<p><!-- \/wp:list --><!-- wp:list {\"ordered\":true,\"start\":4} --><\/p>\n<ol class=\"wp-block-list\" start=\"4\">\n<li style=\"list-style-type: none;\">\n<ol class=\"wp-block-list\" start=\"4\"><!-- wp:list-item --><\/ol>\n<\/li>\n<\/ol>\n<ol class=\"wp-block-list\" start=\"4\">\n<li style=\"list-style-type: none;\">\n<ol class=\"wp-block-list\" start=\"4\">\n<li>making a coin purse \/ bank card holder<\/li>\n<\/ol>\n<\/li>\n<\/ol>\n<p><!-- \/wp:list-item --><\/p>\n<p><!-- \/wp:list --><!-- wp:list --><\/p>\n<ul class=\"wp-block-list\">\n<li style=\"list-style-type: none;\">\n<ul class=\"wp-block-list\"><!-- wp:list-item --><\/ul>\n<\/li>\n<\/ul>\n<ul class=\"wp-block-list\">\n<li style=\"list-style-type: none;\">\n<ul class=\"wp-block-list\">\n<li>recycling used advertising<\/li>\n<\/ul>\n<\/li>\n<\/ul>\n<p><!-- \/wp:list-item --><\/p>\n<p><!-- \/wp:list --><!-- wp:paragraph --><\/p>\n<p><strong><a href=\"https:\/\/www.facebook.com\/recyclista\" target=\"_blank\" rel=\"noreferrer noopener\">https:\/\/www.facebook.com\/recyclista<\/a><\/strong><\/p>\n<p><strong>RatkaiArt:<\/strong><br \/>fluid art workshop. The goal of our program is to allow participants to freely express themselves, discover the play of colors and shapes, and make the creative process a special experience for them - regardless of whether they have previous art experience. Enjoyable and safe classes for all ages from 7 years old.<br \/>The paintings created by the participants can be taken home, so they will take home a lasting experience and creation.<strong><a href=\"http:\/\/www.ratkaiart.hu\/\" target=\"_blank\" rel=\"noreferrer noopener\">http:\/\/www.ratkaiart.hu\/<\/a><\/strong><\/p>\n<p><strong><u>Baranka Hipsterdesign<\/u><\/strong><br \/>Making a screw-man keychain is a creative activity that is age and gender independent. Preparation time 10-15 minutes <a href=\"https:\/\/www.facebook.com\/profile.php?id=100064027393488\">https:\/\/www.facebook.com\/profile.php?id=100064027393488<\/a><\/p>\n<p><!-- \/wp:paragraph --><!-- wp:paragraph --><\/p>\n<p><!-- \/wp:paragraph --><!-- wp:paragraph --><\/p>\n<p><!-- \/wp:paragraph --><!-- wp:paragraph --><\/p>\n<p><strong>nellimorovna<br \/><a href=\"https:\/\/www.facebook.com\/nellimorva\" target=\"_blank\" rel=\"noreferrer noopener\">https:\/\/www.facebook.com\/nellimorva<\/a><\/strong><\/p>\n<p><!-- \/wp:paragraph --><!-- wp:paragraph --><\/p>\n<p><strong>Minerva Design <\/strong><a href=\"https:\/\/minervadesign.hu\">https:\/\/minervadesign.hu<\/a><\/p>\n<p><!-- \/wp:paragraph --><!-- wp:paragraph --><\/p>\n<p><!-- \/wp:paragraph --><!-- wp:paragraph --><\/p>\n<p><strong>Face painting:<\/strong><\/p>\n<p><!-- \/wp:paragraph --><!-- wp:paragraph --><\/p>\n<p><strong>Every day is Children&#039;s Day <\/strong><a href=\"https:\/\/www.facebook.com\/profile.php?id=61559848565804\">https:\/\/www.facebook.com\/profile.php?id=61559848565804<\/a><\/p>\n<p><!-- \/wp:paragraph --><!-- wp:paragraph --><\/p>\n<p><!-- \/wp:paragraph --><\/p>\t\t\t\t\t\t\t\t<\/div>\n\t\t\t\t<\/div>\n\t\t\t\t\t<\/div>\n\t\t\t\t<\/div>\n\t\t\t\t<\/div>","protected":false},"excerpt":{"rendered":"<p>On June 22nd, the new traffic rules will come into effect in Inner Erzs\u00e9betv\u00e1ros, and after many years of struggle, Kazinczy Street, as well as some surrounding streets, will become a pedestrian street. This is a big step towards a more livable Budapest \u2013 and we should celebrate it! The best way to do this is to take ownership of the street ourselves instead of endless lines of taxis: that\u2019s why Sz\u00ednes Erzs\u00e9betv\u00e1ros and [\u2026]<\/p>","protected":false},"author":1,"featured_media":1104,"comment_status":"closed","ping_status":"closed","sticky":false,"template":"","format":"standard","meta":{"give_campaign_id":0,"footnotes":""},"categories":[12],"tags":[],"class_list":["post-1315","post","type-post","status-publish","format-standard","has-post-thumbnail","hentry","category-esemenyek"],"yoast_head":"<!-- This site is optimized with the Yoast SEO Premium plugin v26.2 (Yoast SEO v26.3) - https:\/\/yoast.com\/wordpress\/plugins\/seo\/ -->\n<title>S\u00e9t\u00e1l\u00f3utca \u00fcnneps\u00e9g - Sz\u00ednes Erzs\u00e9betv\u00e1ros<\/title>\n<meta name=\"robots\" content=\"index, follow, max-snippet:-1, max-image-preview:large, max-video-preview:-1\" \/>\n<link rel=\"canonical\" href=\"https:\/\/szineserzsebetvaros.hu\/en\/street-party\/\" \/>\n<meta property=\"og:locale\" content=\"en_US\" \/>\n<meta property=\"og:type\" content=\"article\" \/>\n<meta property=\"og:title\" content=\"S\u00e9t\u00e1l\u00f3utca \u00fcnneps\u00e9g\" \/>\n<meta property=\"og:description\" content=\"J\u00fanius 22-\u00e9n \u00e9letbe l\u00e9p az \u00faj forgalmi rend Bels\u0151-Erzs\u00e9betv\u00e1rosban, \u00e9s hossz\u00fa \u00e9vek k\u00fczdelme ut\u00e1n s\u00e9t\u00e1l\u00f3utc\u00e1v\u00e1 v\u00e1lik a Kazinczy utca, valamint n\u00e9h\u00e1ny k\u00f6rnyez\u0151 utca is. Ez nagy l\u00e9p\u00e9s az \u00e9lhet\u0151bb Budapest ir\u00e1ny\u00e1ba \u2013 \u00e9s ezt\u00a0meg kell \u00fcnnepelni! A legjobb m\u00f3dja ennek az, ha\u00a0taxik v\u00e9gtelen sora helyett mi magunk vessz\u00fck birtokba az utc\u00e1t: ez\u00e9rt a\u00a0Sz\u00ednes Erzs\u00e9betv\u00e1ros \u00e9s [&hellip;]\" \/>\n<meta property=\"og:url\" content=\"https:\/\/szineserzsebetvaros.hu\/en\/street-party\/\" \/>\n<meta property=\"og:site_name\" content=\"Sz\u00ednes Erzs\u00e9betv\u00e1ros\" \/>\n<meta property=\"article:publisher\" content=\"https:\/\/www.facebook.com\/szineserzsebetvaros\" \/>\n<meta property=\"article:published_time\" content=\"2025-06-20T11:04:43+00:00\" \/>\n<meta property=\"article:modified_time\" content=\"2025-06-23T07:01:49+00:00\" \/>\n<meta property=\"og:image\" content=\"https:\/\/szineserzsebetvaros.hu\/wp-content\/uploads\/2025\/06\/PXL_20240922_093522492-1-scaled.jpg\" \/>\n\t<meta property=\"og:image:width\" content=\"2560\" \/>\n\t<meta property=\"og:image:height\" content=\"1440\" \/>\n\t<meta property=\"og:image:type\" content=\"image\/jpeg\" \/>\n<meta name=\"author\" content=\"Zolt\u00e1n\" \/>\n<meta name=\"twitter:card\" content=\"summary_large_image\" \/>\n<meta name=\"twitter:label1\" content=\"Written by\" \/>\n\t<meta name=\"twitter:data1\" content=\"Zolt\u00e1n\" \/>\n\t<meta name=\"twitter:label2\" content=\"Est. reading time\" \/>\n\t<meta name=\"twitter:data2\" content=\"4 minutes\" \/>\n<script type=\"application\/ld+json\" class=\"yoast-schema-graph\">{\"@context\":\"https:\/\/schema.org\",\"@graph\":[{\"@type\":\"Article\",\"@id\":\"https:\/\/szineserzsebetvaros.hu\/setaloutca-unnepseg\/#article\",\"isPartOf\":{\"@id\":\"https:\/\/szineserzsebetvaros.hu\/setaloutca-unnepseg\/\"},\"author\":{\"name\":\"Zolt\u00e1n\",\"@id\":\"https:\/\/szineserzsebetvaros.hu\/#\/schema\/person\/3cd60b17fa44cb8b1ea5368088ecfdc2\"},\"headline\":\"S\u00e9t\u00e1l\u00f3utca \u00fcnneps\u00e9g\",\"datePublished\":\"2025-06-20T11:04:43+00:00\",\"dateModified\":\"2025-06-23T07:01:49+00:00\",\"mainEntityOfPage\":{\"@id\":\"https:\/\/szineserzsebetvaros.hu\/setaloutca-unnepseg\/\"},\"wordCount\":1078,\"publisher\":{\"@id\":\"https:\/\/szineserzsebetvaros.hu\/#organization\"},\"image\":{\"@id\":\"https:\/\/szineserzsebetvaros.hu\/setaloutca-unnepseg\/#primaryimage\"},\"thumbnailUrl\":\"https:\/\/szineserzsebetvaros.hu\/wp-content\/uploads\/2025\/06\/PXL_20240922_093522492-1-scaled.jpg\",\"articleSection\":[\"Esem\u00e9nyek\"],\"inLanguage\":\"en-US\"},{\"@type\":\"WebPage\",\"@id\":\"https:\/\/szineserzsebetvaros.hu\/setaloutca-unnepseg\/\",\"url\":\"https:\/\/szineserzsebetvaros.hu\/setaloutca-unnepseg\/\",\"name\":\"S\u00e9t\u00e1l\u00f3utca \u00fcnneps\u00e9g - Sz\u00ednes Erzs\u00e9betv\u00e1ros\",\"isPartOf\":{\"@id\":\"https:\/\/szineserzsebetvaros.hu\/#website\"},\"primaryImageOfPage\":{\"@id\":\"https:\/\/szineserzsebetvaros.hu\/setaloutca-unnepseg\/#primaryimage\"},\"image\":{\"@id\":\"https:\/\/szineserzsebetvaros.hu\/setaloutca-unnepseg\/#primaryimage\"},\"thumbnailUrl\":\"https:\/\/szineserzsebetvaros.hu\/wp-content\/uploads\/2025\/06\/PXL_20240922_093522492-1-scaled.jpg\",\"datePublished\":\"2025-06-20T11:04:43+00:00\",\"dateModified\":\"2025-06-23T07:01:49+00:00\",\"breadcrumb\":{\"@id\":\"https:\/\/szineserzsebetvaros.hu\/setaloutca-unnepseg\/#breadcrumb\"},\"inLanguage\":\"en-US\",\"potentialAction\":[{\"@type\":\"ReadAction\",\"target\":[\"https:\/\/szineserzsebetvaros.hu\/setaloutca-unnepseg\/\"]}]},{\"@type\":\"ImageObject\",\"inLanguage\":\"en-US\",\"@id\":\"https:\/\/szineserzsebetvaros.hu\/setaloutca-unnepseg\/#primaryimage\",\"url\":\"https:\/\/szineserzsebetvaros.hu\/wp-content\/uploads\/2025\/06\/PXL_20240922_093522492-1-scaled.jpg\",\"contentUrl\":\"https:\/\/szineserzsebetvaros.hu\/wp-content\/uploads\/2025\/06\/PXL_20240922_093522492-1-scaled.jpg\",\"width\":2560,\"height\":1440},{\"@type\":\"BreadcrumbList\",\"@id\":\"https:\/\/szineserzsebetvaros.hu\/setaloutca-unnepseg\/#breadcrumb\",\"itemListElement\":[{\"@type\":\"ListItem\",\"position\":1,\"name\":\"Kezd\u0151lap\",\"item\":\"https:\/\/szineserzsebetvaros.hu\/\"},{\"@type\":\"ListItem\",\"position\":2,\"name\":\"S\u00e9t\u00e1l\u00f3utca \u00fcnneps\u00e9g\"}]},{\"@type\":\"WebSite\",\"@id\":\"https:\/\/szineserzsebetvaros.hu\/#website\",\"url\":\"https:\/\/szineserzsebetvaros.hu\/\",\"name\":\"Sz\u00ednes Erzs\u00e9betv\u00e1ros\",\"description\":\"Erzs\u00e9betv\u00e1ros, Budapest VII. ker\u00fclet\u00e9nek port\u00e1lja\",\"publisher\":{\"@id\":\"https:\/\/szineserzsebetvaros.hu\/#organization\"},\"potentialAction\":[{\"@type\":\"SearchAction\",\"target\":{\"@type\":\"EntryPoint\",\"urlTemplate\":\"https:\/\/szineserzsebetvaros.hu\/?s={search_term_string}\"},\"query-input\":{\"@type\":\"PropertyValueSpecification\",\"valueRequired\":true,\"valueName\":\"search_term_string\"}}],\"inLanguage\":\"en-US\"},{\"@type\":\"Organization\",\"@id\":\"https:\/\/szineserzsebetvaros.hu\/#organization\",\"name\":\"Sz\u00ednes Erzs\u00e9betv\u00e1ros\",\"url\":\"https:\/\/szineserzsebetvaros.hu\/\",\"logo\":{\"@type\":\"ImageObject\",\"inLanguage\":\"en-US\",\"@id\":\"https:\/\/szineserzsebetvaros.hu\/#\/schema\/logo\/image\/\",\"url\":\"https:\/\/szineserzsebetvaros.hu\/wp-content\/uploads\/2024\/10\/SZEVlogo_color-2.png\",\"contentUrl\":\"https:\/\/szineserzsebetvaros.hu\/wp-content\/uploads\/2024\/10\/SZEVlogo_color-2.png\",\"width\":350,\"height\":102,\"caption\":\"Sz\u00ednes Erzs\u00e9betv\u00e1ros\"},\"image\":{\"@id\":\"https:\/\/szineserzsebetvaros.hu\/#\/schema\/logo\/image\/\"},\"sameAs\":[\"https:\/\/www.facebook.com\/szineserzsebetvaros\"]},{\"@type\":\"Person\",\"@id\":\"https:\/\/szineserzsebetvaros.hu\/#\/schema\/person\/3cd60b17fa44cb8b1ea5368088ecfdc2\",\"name\":\"Zolt\u00e1n\",\"image\":{\"@type\":\"ImageObject\",\"inLanguage\":\"en-US\",\"@id\":\"https:\/\/szineserzsebetvaros.hu\/#\/schema\/person\/image\/\",\"url\":\"https:\/\/secure.gravatar.com\/avatar\/694647f275ca7914a56b7365923c620562f2777f90703bc6fbd5fb8530b2e0ca?s=96&d=mm&r=g\",\"contentUrl\":\"https:\/\/secure.gravatar.com\/avatar\/694647f275ca7914a56b7365923c620562f2777f90703bc6fbd5fb8530b2e0ca?s=96&d=mm&r=g\",\"caption\":\"Zolt\u00e1n\"},\"sameAs\":[\"https:\/\/szineserzsebetvaros.hu\"],\"url\":\"https:\/\/szineserzsebetvaros.hu\/en\/author\/bodozoltan\/\"}]}<\/script>\n<!-- \/ Yoast SEO Premium plugin. -->","yoast_head_json":{"title":"S\u00e9t\u00e1l\u00f3utca \u00fcnneps\u00e9g - Sz\u00ednes Erzs\u00e9betv\u00e1ros","robots":{"index":"index","follow":"follow","max-snippet":"max-snippet:-1","max-image-preview":"max-image-preview:large","max-video-preview":"max-video-preview:-1"},"canonical":"https:\/\/szineserzsebetvaros.hu\/en\/street-party\/","og_locale":"en_US","og_type":"article","og_title":"S\u00e9t\u00e1l\u00f3utca \u00fcnneps\u00e9g","og_description":"J\u00fanius 22-\u00e9n \u00e9letbe l\u00e9p az \u00faj forgalmi rend Bels\u0151-Erzs\u00e9betv\u00e1rosban, \u00e9s hossz\u00fa \u00e9vek k\u00fczdelme ut\u00e1n s\u00e9t\u00e1l\u00f3utc\u00e1v\u00e1 v\u00e1lik a Kazinczy utca, valamint n\u00e9h\u00e1ny k\u00f6rnyez\u0151 utca is. Ez nagy l\u00e9p\u00e9s az \u00e9lhet\u0151bb Budapest ir\u00e1ny\u00e1ba \u2013 \u00e9s ezt\u00a0meg kell \u00fcnnepelni! A legjobb m\u00f3dja ennek az, ha\u00a0taxik v\u00e9gtelen sora helyett mi magunk vessz\u00fck birtokba az utc\u00e1t: ez\u00e9rt a\u00a0Sz\u00ednes Erzs\u00e9betv\u00e1ros \u00e9s [&hellip;]","og_url":"https:\/\/szineserzsebetvaros.hu\/en\/street-party\/","og_site_name":"Sz\u00ednes Erzs\u00e9betv\u00e1ros","article_publisher":"https:\/\/www.facebook.com\/szineserzsebetvaros","article_published_time":"2025-06-20T11:04:43+00:00","article_modified_time":"2025-06-23T07:01:49+00:00","og_image":[{"width":2560,"height":1440,"url":"https:\/\/szineserzsebetvaros.hu\/wp-content\/uploads\/2025\/06\/PXL_20240922_093522492-1-scaled.jpg","type":"image\/jpeg"}],"author":"Zolt\u00e1n","twitter_card":"summary_large_image","twitter_misc":{"Written by":"Zolt\u00e1n","Est. reading time":"4 minutes"},"schema":{"@context":"https:\/\/schema.org","@graph":[{"@type":"Article","@id":"https:\/\/szineserzsebetvaros.hu\/setaloutca-unnepseg\/#article","isPartOf":{"@id":"https:\/\/szineserzsebetvaros.hu\/setaloutca-unnepseg\/"},"author":{"name":"Zolt\u00e1n","@id":"https:\/\/szineserzsebetvaros.hu\/#\/schema\/person\/3cd60b17fa44cb8b1ea5368088ecfdc2"},"headline":"S\u00e9t\u00e1l\u00f3utca \u00fcnneps\u00e9g","datePublished":"2025-06-20T11:04:43+00:00","dateModified":"2025-06-23T07:01:49+00:00","mainEntityOfPage":{"@id":"https:\/\/szineserzsebetvaros.hu\/setaloutca-unnepseg\/"},"wordCount":1078,"publisher":{"@id":"https:\/\/szineserzsebetvaros.hu\/#organization"},"image":{"@id":"https:\/\/szineserzsebetvaros.hu\/setaloutca-unnepseg\/#primaryimage"},"thumbnailUrl":"https:\/\/szineserzsebetvaros.hu\/wp-content\/uploads\/2025\/06\/PXL_20240922_093522492-1-scaled.jpg","articleSection":["Esem\u00e9nyek"],"inLanguage":"en-US"},{"@type":"WebPage","@id":"https:\/\/szineserzsebetvaros.hu\/setaloutca-unnepseg\/","url":"https:\/\/szineserzsebetvaros.hu\/setaloutca-unnepseg\/","name":"S\u00e9t\u00e1l\u00f3utca \u00fcnneps\u00e9g - Sz\u00ednes Erzs\u00e9betv\u00e1ros","isPartOf":{"@id":"https:\/\/szineserzsebetvaros.hu\/#website"},"primaryImageOfPage":{"@id":"https:\/\/szineserzsebetvaros.hu\/setaloutca-unnepseg\/#primaryimage"},"image":{"@id":"https:\/\/szineserzsebetvaros.hu\/setaloutca-unnepseg\/#primaryimage"},"thumbnailUrl":"https:\/\/szineserzsebetvaros.hu\/wp-content\/uploads\/2025\/06\/PXL_20240922_093522492-1-scaled.jpg","datePublished":"2025-06-20T11:04:43+00:00","dateModified":"2025-06-23T07:01:49+00:00","breadcrumb":{"@id":"https:\/\/szineserzsebetvaros.hu\/setaloutca-unnepseg\/#breadcrumb"},"inLanguage":"en-US","potentialAction":[{"@type":"ReadAction","target":["https:\/\/szineserzsebetvaros.hu\/setaloutca-unnepseg\/"]}]},{"@type":"ImageObject","inLanguage":"en-US","@id":"https:\/\/szineserzsebetvaros.hu\/setaloutca-unnepseg\/#primaryimage","url":"https:\/\/szineserzsebetvaros.hu\/wp-content\/uploads\/2025\/06\/PXL_20240922_093522492-1-scaled.jpg","contentUrl":"https:\/\/szineserzsebetvaros.hu\/wp-content\/uploads\/2025\/06\/PXL_20240922_093522492-1-scaled.jpg","width":2560,"height":1440},{"@type":"BreadcrumbList","@id":"https:\/\/szineserzsebetvaros.hu\/setaloutca-unnepseg\/#breadcrumb","itemListElement":[{"@type":"ListItem","position":1,"name":"Kezd\u0151lap","item":"https:\/\/szineserzsebetvaros.hu\/"},{"@type":"ListItem","position":2,"name":"S\u00e9t\u00e1l\u00f3utca \u00fcnneps\u00e9g"}]},{"@type":"WebSite","@id":"https:\/\/szineserzsebetvaros.hu\/#website","url":"https:\/\/szineserzsebetvaros.hu\/","name":"Sz\u00ednes Erzs\u00e9betv\u00e1ros","description":"Erzs\u00e9betv\u00e1ros, Budapest VII. ker\u00fclet\u00e9nek port\u00e1lja","publisher":{"@id":"https:\/\/szineserzsebetvaros.hu\/#organization"},"potentialAction":[{"@type":"SearchAction","target":{"@type":"EntryPoint","urlTemplate":"https:\/\/szineserzsebetvaros.hu\/?s={search_term_string}"},"query-input":{"@type":"PropertyValueSpecification","valueRequired":true,"valueName":"search_term_string"}}],"inLanguage":"en-US"},{"@type":"Organization","@id":"https:\/\/szineserzsebetvaros.hu\/#organization","name":"Sz\u00ednes Erzs\u00e9betv\u00e1ros","url":"https:\/\/szineserzsebetvaros.hu\/","logo":{"@type":"ImageObject","inLanguage":"en-US","@id":"https:\/\/szineserzsebetvaros.hu\/#\/schema\/logo\/image\/","url":"https:\/\/szineserzsebetvaros.hu\/wp-content\/uploads\/2024\/10\/SZEVlogo_color-2.png","contentUrl":"https:\/\/szineserzsebetvaros.hu\/wp-content\/uploads\/2024\/10\/SZEVlogo_color-2.png","width":350,"height":102,"caption":"Sz\u00ednes Erzs\u00e9betv\u00e1ros"},"image":{"@id":"https:\/\/szineserzsebetvaros.hu\/#\/schema\/logo\/image\/"},"sameAs":["https:\/\/www.facebook.com\/szineserzsebetvaros"]},{"@type":"Person","@id":"https:\/\/szineserzsebetvaros.hu\/#\/schema\/person\/3cd60b17fa44cb8b1ea5368088ecfdc2","name":"Zolt\u00e1n","image":{"@type":"ImageObject","inLanguage":"en-US","@id":"https:\/\/szineserzsebetvaros.hu\/#\/schema\/person\/image\/","url":"https:\/\/secure.gravatar.com\/avatar\/694647f275ca7914a56b7365923c620562f2777f90703bc6fbd5fb8530b2e0ca?s=96&d=mm&r=g","contentUrl":"https:\/\/secure.gravatar.com\/avatar\/694647f275ca7914a56b7365923c620562f2777f90703bc6fbd5fb8530b2e0ca?s=96&d=mm&r=g","caption":"Zolt\u00e1n"},"sameAs":["https:\/\/szineserzsebetvaros.hu"],"url":"https:\/\/szineserzsebetvaros.hu\/en\/author\/bodozoltan\/"}]}},"_links":{"self":[{"href":"https:\/\/szineserzsebetvaros.hu\/en\/wp-json\/wp\/v2\/posts\/1315","targetHints":{"allow":["GET"]}}],"collection":[{"href":"https:\/\/szineserzsebetvaros.hu\/en\/wp-json\/wp\/v2\/posts"}],"about":[{"href":"https:\/\/szineserzsebetvaros.hu\/en\/wp-json\/wp\/v2\/types\/post"}],"author":[{"embeddable":true,"href":"https:\/\/szineserzsebetvaros.hu\/en\/wp-json\/wp\/v2\/users\/1"}],"replies":[{"embeddable":true,"href":"https:\/\/szineserzsebetvaros.hu\/en\/wp-json\/wp\/v2\/comments?post=1315"}],"version-history":[{"count":20,"href":"https:\/\/szineserzsebetvaros.hu\/en\/wp-json\/wp\/v2\/posts\/1315\/revisions"}],"predecessor-version":[{"id":1363,"href":"https:\/\/szineserzsebetvaros.hu\/en\/wp-json\/wp\/v2\/posts\/1315\/revisions\/1363"}],"wp:featuredmedia":[{"embeddable":true,"href":"https:\/\/szineserzsebetvaros.hu\/en\/wp-json\/wp\/v2\/media\/1104"}],"wp:attachment":[{"href":"https:\/\/szineserzsebetvaros.hu\/en\/wp-json\/wp\/v2\/media?parent=1315"}],"wp:term":[{"taxonomy":"category","embeddable":true,"href":"https:\/\/szineserzsebetvaros.hu\/en\/wp-json\/wp\/v2\/categories?post=1315"},{"taxonomy":"post_tag","embeddable":true,"href":"https:\/\/szineserzsebetvaros.hu\/en\/wp-json\/wp\/v2\/tags?post=1315"}],"curies":[{"name":"wp","href":"https:\/\/api.w.org\/{rel}","templated":true}]}}